{"id":97410,"date":"2021-06-27T23:18:27","date_gmt":"2021-06-28T02:18:27","guid":{"rendered":"https:\/\/www.locoxelrojo.com\/independiente\/?p=97410"},"modified":"2021-06-27T23:18:27","modified_gmt":"2021-06-28T02:18:27","slug":"santoro-creo-que-es-momento-de-apuntalar-mas-a-los-pibes","status":"publish","type":"post","link":"https:\/\/www.locoxelrojo.com\/independiente\/2021\/06\/27\/santoro-creo-que-es-momento-de-apuntalar-mas-a-los-pibes\/","title":{"rendered":"Santoro: &#8220;Creo que es momento de apuntalar m\u00e1s a los pibes&#8221;"},"content":{"rendered":"<p>Uno de los grandes \u00eddolos de Independiente, <strong>Miguel \u00c1ngel Santoro<\/strong>, volvi\u00f3 a hablar en medio de este parate y <strong>se refiri\u00f3 al presente del club y dio unas palabras sobre Emiliano Mart\u00ednez en la Selecci\u00f3n Argentina<\/strong>, a quien le ense\u00f1\u00f3 en las inferiores del Rojo.<\/p>\n<p><strong>&#8220;La campa\u00f1a de Independiente fue brillante desde los resultados. Esperemos seguir as\u00ed en el pr\u00f3ximo semestre&#8221;<\/strong>, comenz\u00f3 diciendo Pep\u00e9 sobre el semestre pasado del Rey de Copas en Amplitud Independiente y agreg\u00f3: <strong>&#8220;Nos quedan pocos jugadores que ganaron la Sudamericana, se hace complicado haber cambiado tanto&#8221;.<\/strong><\/p>\n<p>Con respecto a la b\u00fasqueda de refuerzos en el mercado de pases, el ex futbolista opin\u00f3 acerca de a donde hay que apuntar:<strong> &#8220;Antes en Independiente el jugador que llegaba, jugador que era figura. Eso se fue perdiendo, creo que es momento de apuntalar m\u00e1s a los pibes&#8221;.<\/strong><\/p>\n<p>Luego, el ex arquero hizo referencia al Dibu y sus grandes rendimientos en la Albiceleste: <strong>&#8220;Me pone contento por la instituci\u00f3n que haya chicos salidos de ah\u00ed en la Selecci\u00f3n como Emi Mart\u00ednez. Tuvo un gran a\u00f1o en Inglaterra y en la Selecci\u00f3n lo est\u00e1 demostrando. Hizo muchos sacrificios para llegar y s\u00e9 que su sue\u00f1o es volver a Independiente, ojal\u00e1 alg\u00fan d\u00eda lo pueda cumplir&#8221;.<\/strong><\/p>\n<p>Por \u00faltimo, en un a\u00f1o electoral, Santoro asegur\u00f3 que no tiene inter\u00e9s de participar en el mundo pol\u00edtico pero si quiere seguir ligado al club: <strong>&#8220;Me llamaron para integrar la comisi\u00f3n directiva de una lista pero no me interesa participar desde lo pol\u00edtico, si darle al club lo que necesite de mi&#8221;.<\/strong><\/p>\n","protected":false},"excerpt":{"rendered":"<p>Uno de los grandes \u00eddolos de Independiente, Miguel \u00c1ngel Santoro, volvi\u00f3 a hablar en medio de este parate y se refiri\u00f3 al presente del club y dio unas palabras sobre Emiliano Mart\u00ednez en la Selecci\u00f3n Argentina, a quien le ense\u00f1\u00f3 en las inferiores del Rojo. &#8220;La campa\u00f1a de Independiente fue brillante desde los resultados. Esperemos [&hellip;]<\/p>\n","protected":false},"author":101017,"featured_media":83135,"comment_status":"open","ping_status":"closed","sticky":false,"template":"","format":"standard","meta":{"_links_to":"","_links_to_target":""},"categories":[3280,3247],"tags":[153,4519,749],"_links":{"self":[{"href":"https:\/\/www.locoxelrojo.com\/independiente\/wp-json\/wp\/v2\/posts\/97410"}],"collection":[{"href":"https:\/\/www.locoxelrojo.com\/independiente\/wp-json\/wp\/v2\/posts"}],"about":[{"href":"https:\/\/www.locoxelrojo.com\/independiente\/wp-json\/wp\/v2\/types\/post"}],"author":[{"embeddable":true,"href":"https:\/\/www.locoxelrojo.com\/independiente\/wp-json\/wp\/v2\/users\/101017"}],"replies":[{"embeddable":true,"href":"https:\/\/www.locoxelrojo.com\/independiente\/wp-json\/wp\/v2\/comments?post=97410"}],"version-history":[{"count":1,"href":"https:\/\/www.locoxelrojo.com\/independiente\/wp-json\/wp\/v2\/posts\/97410\/revisions"}],"predecessor-version":[{"id":97411,"href":"https:\/\/www.locoxelrojo.com\/independiente\/wp-json\/wp\/v2\/posts\/97410\/revisions\/97411"}],"wp:featuredmedia":[{"embeddable":true,"href":"https:\/\/www.locoxelrojo.com\/independiente\/wp-json\/wp\/v2\/media\/83135"}],"wp:attachment":[{"href":"https:\/\/www.locoxelrojo.com\/independiente\/wp-json\/wp\/v2\/media?parent=97410"}],"wp:term":[{"taxonomy":"category","embeddable":true,"href":"https:\/\/www.locoxelrojo.com\/independiente\/wp-json\/wp\/v2\/categories?post=97410"},{"taxonomy":"post_tag","embeddable":true,"href":"https:\/\/www.locoxelrojo.com\/independiente\/wp-json\/wp\/v2\/tags?post=97410"}],"curies":[{"name":"wp","href":"https:\/\/api.w.org\/{rel}","templated":true}]}}