{"id":97529,"date":"2021-07-03T09:47:57","date_gmt":"2021-07-03T12:47:57","guid":{"rendered":"https:\/\/www.locoxelrojo.com\/independiente\/?p=97529"},"modified":"2021-07-03T15:41:55","modified_gmt":"2021-07-03T18:41:55","slug":"sosa-hay-meses-de-atraso-pero-la-dirigencia-pone-su-mayor-esfuerzo","status":"publish","type":"post","link":"https:\/\/www.locoxelrojo.com\/independiente\/2021\/07\/03\/sosa-hay-meses-de-atraso-pero-la-dirigencia-pone-su-mayor-esfuerzo\/","title":{"rendered":"Sosa: &#8220;Hay meses de atraso, pero la dirigencia pone su mayor esfuerzo&#8221;"},"content":{"rendered":"<p><strong>Sebasti\u00e1n Sosa<\/strong>, uno de los pilares de este equipo, se refiri\u00f3 a la delicada situaci\u00f3n econ\u00f3mica que atraviesa <strong>Independiente<\/strong> y todo el f\u00fatbol argentino. Adem\u00e1s confirm\u00f3 que seguir\u00e1 en el club.<\/p>\n<p><strong>Siempre que pudo, recogi\u00f3 el guante e hizo p\u00fablica su situaci\u00f3n<\/strong>. Quiz\u00e1s su reclamo m\u00e1s recordado fue en el momento de euforia post pasaporte a semifinal tras su soberbia actuaci\u00f3n en la definici\u00f3n por penales ante Estudiantes.<\/p>\n<p>Lo cierto es que en este mercado de pases se desliz\u00f3 la posibilidad de su salida. Y en di\u00e1logo con Super Mitre, el uruguayo ech\u00f3 por tierra ese camino: <strong>&#8220;Nunca pas\u00f3 por mi cabeza irme. El sue\u00f1o de ser campe\u00f3n todav\u00eda no lo cumpl\u00ed y quiero dejar mi huella en la vitrina de este gran club&#8221;<\/strong>.<\/p>\n<p>Y sobre el tema contractual y econ\u00f3mico, el arquero asegur\u00f3: <strong>&#8220;Hay algunos meses de atraso, pero siempre con la mejor cara. La dirigencia le est\u00e1 poniendo su mayor esfuerzo y la situaci\u00f3n es complicada para todos los clubes del pa\u00eds&#8221;<\/strong>.<\/p>\n<p>Por \u00faltimo, Sosa concluy\u00f3 su charla con elogios para Julio Falcioni: <strong>&#8220;Tengo admiraci\u00f3n y respeto por \u00e9l. Con todo lo que le toc\u00f3 vivir, siempre estuvo presente con nosotros a pesar de lo que pas\u00f3&#8221;<\/strong>.<\/p>\n","protected":false},"excerpt":{"rendered":"<p>Sebasti\u00e1n Sosa, uno de los pilares de este equipo, se refiri\u00f3 a la delicada situaci\u00f3n econ\u00f3mica que atraviesa Independiente y todo el f\u00fatbol argentino. Adem\u00e1s confirm\u00f3 que seguir\u00e1 en el club. Siempre que pudo, recogi\u00f3 el guante e hizo p\u00fablica su situaci\u00f3n. Quiz\u00e1s su reclamo m\u00e1s recordado fue en el momento de euforia post pasaporte [&hellip;]<\/p>\n","protected":false},"author":19,"featured_media":96735,"comment_status":"open","ping_status":"closed","sticky":false,"template":"","format":"standard","meta":{"_links_to":"","_links_to_target":""},"categories":[3247,3],"tags":[153,2300,4645],"_links":{"self":[{"href":"https:\/\/www.locoxelrojo.com\/independiente\/wp-json\/wp\/v2\/posts\/97529"}],"collection":[{"href":"https:\/\/www.locoxelrojo.com\/independiente\/wp-json\/wp\/v2\/posts"}],"about":[{"href":"https:\/\/www.locoxelrojo.com\/independiente\/wp-json\/wp\/v2\/types\/post"}],"author":[{"embeddable":true,"href":"https:\/\/www.locoxelrojo.com\/independiente\/wp-json\/wp\/v2\/users\/19"}],"replies":[{"embeddable":true,"href":"https:\/\/www.locoxelrojo.com\/independiente\/wp-json\/wp\/v2\/comments?post=97529"}],"version-history":[{"count":2,"href":"https:\/\/www.locoxelrojo.com\/independiente\/wp-json\/wp\/v2\/posts\/97529\/revisions"}],"predecessor-version":[{"id":97531,"href":"https:\/\/www.locoxelrojo.com\/independiente\/wp-json\/wp\/v2\/posts\/97529\/revisions\/97531"}],"wp:featuredmedia":[{"embeddable":true,"href":"https:\/\/www.locoxelrojo.com\/independiente\/wp-json\/wp\/v2\/media\/96735"}],"wp:attachment":[{"href":"https:\/\/www.locoxelrojo.com\/independiente\/wp-json\/wp\/v2\/media?parent=97529"}],"wp:term":[{"taxonomy":"category","embeddable":true,"href":"https:\/\/www.locoxelrojo.com\/independiente\/wp-json\/wp\/v2\/categories?post=97529"},{"taxonomy":"post_tag","embeddable":true,"href":"https:\/\/www.locoxelrojo.com\/independiente\/wp-json\/wp\/v2\/tags?post=97529"}],"curies":[{"name":"wp","href":"https:\/\/api.w.org\/{rel}","templated":true}]}}