{"id":9753,"date":"2011-07-26T19:59:45","date_gmt":"2011-07-26T22:59:45","guid":{"rendered":"http:\/\/www.locoxelrojo.com.ar\/independiente\/?p=9753"},"modified":"2011-07-26T19:59:45","modified_gmt":"2011-07-26T22:59:45","slug":"comparada-no-vamos-a-hacer-locuras","status":"publish","type":"post","link":"https:\/\/www.locoxelrojo.com\/independiente\/2011\/07\/26\/comparada-no-vamos-a-hacer-locuras\/","title":{"rendered":"Comparada: &#8220;No vamos a hacer locuras&#8221;"},"content":{"rendered":"<p><a href=\"http:\/\/www.locoxelrojo.com.ar\/independiente\/wp-content\/uploads\/2011\/07\/comparada1.jpg\"><img loading=\"lazy\" class=\"alignnone size-full wp-image-9755\" title=\"comparada\" src=\"http:\/\/www.locoxelrojo.com.ar\/independiente\/wp-content\/uploads\/2011\/07\/comparada1.jpg\" alt=\"\" width=\"590\" height=\"315\" srcset=\"https:\/\/locoxelrojo.com\/independiente\/wp-content\/uploads\/2011\/07\/comparada1.jpg 590w, https:\/\/locoxelrojo.com\/independiente\/wp-content\/uploads\/2011\/07\/comparada1-300x160.jpg 300w\" sizes=\"(max-width: 590px) 100vw, 590px\" \/><\/a><\/p>\n<p><strong>Julio Comparada <\/strong>dialog\u00f3 con <strong>Un Buen Momento por Radio La Red<\/strong> y advirti\u00f3 que lo de Farias todav\u00eda no est\u00e1 cerrado. Adem\u00e1s, se refiri\u00f3 a Gabriel Milito y al nuevo campeonato. <strong>&#8220;El torneo largo puede ser bueno e importante&#8221;<\/strong>, acept\u00f3.<\/p>\n<p>Sobre este \u00faltimo tema, ampli\u00f3: &#8220;<strong>muchos lucharon para llegar a primera y otros para permanecer. Antes de dar una opini\u00f3n, hay que analizar las cosas en profunidad&#8221;.<\/strong><\/p>\n<p>El presidente, no asegur\u00f3 a Farias como incorporaci\u00f3n.<strong> &#8220;No es jugador de Independiente, no son negociaciones f\u00e1ciles y no vamos a hacer locuras. Si dentro de las cosas que se charlaron se puede tener un final feliz lo vamos a hacer pero, de lo contrario, uno de los grandes objetivos es enderezar la econom\u00eda&#8221;.<\/strong><\/p>\n<p>Comparada a\u00f1adi\u00f3 que hay un 100% de acuerdo con el jugador pero los abogados tienen diferencias impositivas. <strong>&#8220;Con el jugador terminamos las negociaciones y nos pusimos de acuerdo. Entre los abogados de Independiente y del jugador hay diferencias de apreciaciones con relaci\u00f3n al contrato&#8221;,<\/strong> explic\u00f3.<\/p>\n<p>Sobre las idas de Galeano y Rodr\u00edguez. Comparada declar\u00f3 que hay negociaciones avanzadas por el primero pero el 10 se quedar\u00eda un semestre m\u00e1s en Independiente. Por otro lado, sobre milito aclar\u00f3 que <strong>&#8220;son conjeturas y todas las temporadas se hace un tiro aunque sea casi imposible. Si juega en Independiente es porque lo decide \u00e9l&#8221;.<\/strong><\/p>\n","protected":false},"excerpt":{"rendered":"<p>Julio Comparada dialog\u00f3 con Un Buen Momento por Radio La Red y advirti\u00f3 que lo de Farias todav\u00eda no est\u00e1 cerrado. Adem\u00e1s, se refiri\u00f3 a Gabriel Milito y al nuevo campeonato. &#8220;El torneo largo puede ser bueno e importante&#8221;, acept\u00f3. Sobre este \u00faltimo tema, ampli\u00f3: &#8220;muchos lucharon para llegar a primera y otros para permanecer. [&hellip;]<\/p>\n","protected":false},"author":1,"featured_media":0,"comment_status":"open","ping_status":"open","sticky":false,"template":"","format":"standard","meta":{"_links_to":"","_links_to_target":""},"categories":[3,1],"tags":[153,946,42,33,60,41],"_links":{"self":[{"href":"https:\/\/www.locoxelrojo.com\/independiente\/wp-json\/wp\/v2\/posts\/9753"}],"collection":[{"href":"https:\/\/www.locoxelrojo.com\/independiente\/wp-json\/wp\/v2\/posts"}],"about":[{"href":"https:\/\/www.locoxelrojo.com\/independiente\/wp-json\/wp\/v2\/types\/post"}],"author":[{"embeddable":true,"href":"https:\/\/www.locoxelrojo.com\/independiente\/wp-json\/wp\/v2\/users\/1"}],"replies":[{"embeddable":true,"href":"https:\/\/www.locoxelrojo.com\/independiente\/wp-json\/wp\/v2\/comments?post=9753"}],"version-history":[{"count":0,"href":"https:\/\/www.locoxelrojo.com\/independiente\/wp-json\/wp\/v2\/posts\/9753\/revisions"}],"wp:attachment":[{"href":"https:\/\/www.locoxelrojo.com\/independiente\/wp-json\/wp\/v2\/media?parent=9753"}],"wp:term":[{"taxonomy":"category","embeddable":true,"href":"https:\/\/www.locoxelrojo.com\/independiente\/wp-json\/wp\/v2\/categories?post=9753"},{"taxonomy":"post_tag","embeddable":true,"href":"https:\/\/www.locoxelrojo.com\/independiente\/wp-json\/wp\/v2\/tags?post=9753"}],"curies":[{"name":"wp","href":"https:\/\/api.w.org\/{rel}","templated":true}]}}