{"id":97565,"date":"2021-07-04T17:00:16","date_gmt":"2021-07-04T20:00:16","guid":{"rendered":"https:\/\/www.locoxelrojo.com\/independiente\/?p=97565"},"modified":"2021-07-04T21:18:53","modified_gmt":"2021-07-05T00:18:53","slug":"gol-de-rigoni-en-una-nueva-derrota-de-san-pablo","status":"publish","type":"post","link":"https:\/\/www.locoxelrojo.com\/independiente\/2021\/07\/04\/gol-de-rigoni-en-una-nueva-derrota-de-san-pablo\/","title":{"rendered":"Gol de Rigoni en una nueva derrota de San Pablo"},"content":{"rendered":"<p>El equipo brasile\u00f1o conducido por Hern\u00e1n Crespo no levanta cabeza en el inicio del Brasileirao y <strong>volvi\u00f3 a caer 2-1 como local ante Bragantino. Emiliano Rigoni hab\u00eda puesto en ventaja al Tricolor y Mart\u00edn Ben\u00edtez fue titular y jug\u00f3 los 90 minutos.<\/strong><\/p>\n<p><strong>El Rayo, ex jugador de Independiente, conect\u00f3 bien de cabeza un centro desde la izquierda y puso el 1-0 parcial a los 25 minutos del primer tiempo.<\/strong> Sin embargo, los paulistas no pudieron aguantar y cayeron en la segunda etapa con los goles de Alerrando y Artur.<\/p>\n<p>As\u00ed, <strong>San Pablo marcha en el puesto 17\u00b0 de la tabla<\/strong> de posiciones ya culminada la novena jornada del certamen<strong> con tan solo 5 unidades en 9 cotejos disputados, producto de 5 empates y 4 derrotas.<\/strong> Preocupante inicio del conjunto de Crespo que <strong>todav\u00eda no gan\u00f3 y se encuentra en puestos de descenso.<\/strong><\/p>\n<p><iframe loading=\"lazy\" title=\"YouTube video player\" src=\"https:\/\/www.youtube.com\/embed\/ZIE78GVnc4w?start=65\" width=\"560\" height=\"315\" frameborder=\"0\" allowfullscreen=\"allowfullscreen\"><\/iframe><\/p>\n","protected":false},"excerpt":{"rendered":"<p>El equipo brasile\u00f1o conducido por Hern\u00e1n Crespo no levanta cabeza en el inicio del Brasileirao y volvi\u00f3 a caer 2-1 como local ante Bragantino. Emiliano Rigoni hab\u00eda puesto en ventaja al Tricolor y Mart\u00edn Ben\u00edtez fue titular y jug\u00f3 los 90 minutos. El Rayo, ex jugador de Independiente, conect\u00f3 bien de cabeza un centro desde [&hellip;]<\/p>\n","protected":false},"author":101017,"featured_media":97566,"comment_status":"open","ping_status":"closed","sticky":false,"template":"","format":"standard","meta":{"_links_to":"","_links_to_target":""},"categories":[2043,3247],"tags":[1627,153,2835,258,3277,1797],"_links":{"self":[{"href":"https:\/\/www.locoxelrojo.com\/independiente\/wp-json\/wp\/v2\/posts\/97565"}],"collection":[{"href":"https:\/\/www.locoxelrojo.com\/independiente\/wp-json\/wp\/v2\/posts"}],"about":[{"href":"https:\/\/www.locoxelrojo.com\/independiente\/wp-json\/wp\/v2\/types\/post"}],"author":[{"embeddable":true,"href":"https:\/\/www.locoxelrojo.com\/independiente\/wp-json\/wp\/v2\/users\/101017"}],"replies":[{"embeddable":true,"href":"https:\/\/www.locoxelrojo.com\/independiente\/wp-json\/wp\/v2\/comments?post=97565"}],"version-history":[{"count":1,"href":"https:\/\/www.locoxelrojo.com\/independiente\/wp-json\/wp\/v2\/posts\/97565\/revisions"}],"predecessor-version":[{"id":97567,"href":"https:\/\/www.locoxelrojo.com\/independiente\/wp-json\/wp\/v2\/posts\/97565\/revisions\/97567"}],"wp:featuredmedia":[{"embeddable":true,"href":"https:\/\/www.locoxelrojo.com\/independiente\/wp-json\/wp\/v2\/media\/97566"}],"wp:attachment":[{"href":"https:\/\/www.locoxelrojo.com\/independiente\/wp-json\/wp\/v2\/media?parent=97565"}],"wp:term":[{"taxonomy":"category","embeddable":true,"href":"https:\/\/www.locoxelrojo.com\/independiente\/wp-json\/wp\/v2\/categories?post=97565"},{"taxonomy":"post_tag","embeddable":true,"href":"https:\/\/www.locoxelrojo.com\/independiente\/wp-json\/wp\/v2\/tags?post=97565"}],"curies":[{"name":"wp","href":"https:\/\/api.w.org\/{rel}","templated":true}]}}