{"id":97582,"date":"2021-07-05T13:49:08","date_gmt":"2021-07-05T16:49:08","guid":{"rendered":"https:\/\/www.locoxelrojo.com\/independiente\/?p=97582"},"modified":"2021-07-05T14:22:37","modified_gmt":"2021-07-05T17:22:37","slug":"testeos-negativos-y-doble-turno","status":"publish","type":"post","link":"https:\/\/www.locoxelrojo.com\/independiente\/2021\/07\/05\/testeos-negativos-y-doble-turno\/","title":{"rendered":"Testeos negativos y doble turno"},"content":{"rendered":"<p><strong>El plantel del Independiente tuvo el primer entrenamiento de la semana y se someti\u00f3 a los hisopados para descartar casos de coronavirus.<\/strong><\/p>\n<p>Los jugadores, el cuerpo t\u00e9cnico y los colaboradores fueron testeados este lunes por la ma\u00f1ana en el predio de Villa Dom\u00ednico. <strong>Todos los controles dieron negativo de COVID-19<\/strong>. Con la confirmaci\u00f3n de que no hab\u00eda contagios, se puso en marcha el doble turno.<\/p>\n<p>La ma\u00f1ana tuvo una parte de trabajos f\u00edsicos con circuito de fuerza r\u00e1pida en el gimnasio, tren superior y zona media, y pasadas de 100 metros. Posteriormente hubo trabajos con pelota en el campo de juego: <strong>practicaron la posesi\u00f3n y la recuperaci\u00f3n tras p\u00e9rdida<\/strong>.<\/p>\n<blockquote class=\"twitter-tweet\" data-width=\"550\" data-dnt=\"true\">\n<p lang=\"es\" dir=\"ltr\">\u00a1Comenzamos otra semana de entrenamientos!<\/p>\n<p>Hoy, lunes de doble turno \ud83d\udcaa<a href=\"https:\/\/twitter.com\/hashtag\/TodoRojo?src=hash&amp;ref_src=twsrc%5Etfw\">#TodoRojo<\/a> \ud83d\udd34 <a href=\"https:\/\/t.co\/96WjOa7l5U\">pic.twitter.com\/96WjOa7l5U<\/a><\/p>\n<p>&mdash; C. A. Independiente (@Independiente) <a href=\"https:\/\/twitter.com\/Independiente\/status\/1412041099233972229?ref_src=twsrc%5Etfw\">July 5, 2021<\/a><\/p><\/blockquote>\n<p><script async src=\"https:\/\/platform.twitter.com\/widgets.js\" charset=\"utf-8\"><\/script><\/p>\n<p>Por su parte, <strong>Ezequiel Mu\u00f1oz y Carlos Benav\u00eddez trabajaron de manera diferenciada<\/strong>, ya en la \u00faltima etapa de sus respectivas rehabilitaciones.<\/p>\n<p>El grupo almorzar\u00e1 y descansar\u00e1 en el predio Santo Domingo.<strong> A las 16 empezar\u00e1 el segundo turno<\/strong> de entrenamiento.<\/p>\n","protected":false},"excerpt":{"rendered":"<p>El plantel del Independiente tuvo el primer entrenamiento de la semana y se someti\u00f3 a los hisopados para descartar casos de coronavirus. Los jugadores, el cuerpo t\u00e9cnico y los colaboradores fueron testeados este lunes por la ma\u00f1ana en el predio de Villa Dom\u00ednico. Todos los controles dieron negativo de COVID-19. Con la confirmaci\u00f3n de que [&hellip;]<\/p>\n","protected":false},"author":8,"featured_media":97587,"comment_status":"open","ping_status":"closed","sticky":false,"template":"","format":"standard","meta":{"_links_to":"","_links_to_target":""},"categories":[3247,3],"tags":[153,4506,4512,26,172],"_links":{"self":[{"href":"https:\/\/www.locoxelrojo.com\/independiente\/wp-json\/wp\/v2\/posts\/97582"}],"collection":[{"href":"https:\/\/www.locoxelrojo.com\/independiente\/wp-json\/wp\/v2\/posts"}],"about":[{"href":"https:\/\/www.locoxelrojo.com\/independiente\/wp-json\/wp\/v2\/types\/post"}],"author":[{"embeddable":true,"href":"https:\/\/www.locoxelrojo.com\/independiente\/wp-json\/wp\/v2\/users\/8"}],"replies":[{"embeddable":true,"href":"https:\/\/www.locoxelrojo.com\/independiente\/wp-json\/wp\/v2\/comments?post=97582"}],"version-history":[{"count":3,"href":"https:\/\/www.locoxelrojo.com\/independiente\/wp-json\/wp\/v2\/posts\/97582\/revisions"}],"predecessor-version":[{"id":97588,"href":"https:\/\/www.locoxelrojo.com\/independiente\/wp-json\/wp\/v2\/posts\/97582\/revisions\/97588"}],"wp:featuredmedia":[{"embeddable":true,"href":"https:\/\/www.locoxelrojo.com\/independiente\/wp-json\/wp\/v2\/media\/97587"}],"wp:attachment":[{"href":"https:\/\/www.locoxelrojo.com\/independiente\/wp-json\/wp\/v2\/media?parent=97582"}],"wp:term":[{"taxonomy":"category","embeddable":true,"href":"https:\/\/www.locoxelrojo.com\/independiente\/wp-json\/wp\/v2\/categories?post=97582"},{"taxonomy":"post_tag","embeddable":true,"href":"https:\/\/www.locoxelrojo.com\/independiente\/wp-json\/wp\/v2\/tags?post=97582"}],"curies":[{"name":"wp","href":"https:\/\/api.w.org\/{rel}","templated":true}]}}