{"id":97585,"date":"2021-07-05T12:33:14","date_gmt":"2021-07-05T15:33:14","guid":{"rendered":"https:\/\/www.locoxelrojo.com\/independiente\/?p=97585"},"modified":"2021-07-05T15:33:58","modified_gmt":"2021-07-05T18:33:58","slug":"pato-al-agua","status":"publish","type":"post","link":"https:\/\/www.locoxelrojo.com\/independiente\/2021\/07\/05\/pato-al-agua\/","title":{"rendered":"Pato al agua"},"content":{"rendered":"<p><strong>Patricio Rodr\u00edguez admiti\u00f3 que hab\u00eda conversaciones para su vuelta a Independiente y se ilusion\u00f3 con regresar al club, pero Julio C\u00e9sar Falcioni desestim\u00f3 la negociaci\u00f3n.<\/strong><\/p>\n<p>A sus 31 a\u00f1os, el nombre del Pato empez\u00f3 a sonar con fuerza en Avellaneda. El propio jugador, de gran presente en Jorge Wilstermann de Bolivia, confes\u00f3 que <a href=\"https:\/\/www.locoxelrojo.com\/independiente\/2021\/07\/05\/p-rodriguez-nunca-estuve-a-la-altura-del-club-pero-hoy-si-lo-estoy\/\">el secretario general H\u00e9ctor Maldonado hab\u00eda hablado con su representante<\/a>, que hab\u00eda un inter\u00e9s y que \u00e9l ten\u00eda ganas de un nuevo ciclo en el Rojo.<\/p>\n<p>Lo cierto es que <strong>para Falcioni las prioridades son otras<\/strong>. Necesita que la dirigencia ponga sus esfuerzos en cerrar la llegada de Emmanuel Mas -con quien todav\u00eda no hay acuerdo- y en traer a un volante central. S\u00f3lo eso. Ning\u00fan otro puesto.<\/p>\n<p>Desde el entorno del t\u00e9cnico comunicaron que<strong> si no se va ning\u00fan delantero, no ir\u00e1n a buscar a nadie<\/strong>. De esta manera, por el momento parece muy poco probable el regreso del Pato.<\/p>\n","protected":false},"excerpt":{"rendered":"<p>Patricio Rodr\u00edguez admiti\u00f3 que hab\u00eda conversaciones para su vuelta a Independiente y se ilusion\u00f3 con regresar al club, pero Julio C\u00e9sar Falcioni desestim\u00f3 la negociaci\u00f3n. A sus 31 a\u00f1os, el nombre del Pato empez\u00f3 a sonar con fuerza en Avellaneda. El propio jugador, de gran presente en Jorge Wilstermann de Bolivia, confes\u00f3 que el secretario [&hellip;]<\/p>\n","protected":false},"author":8,"featured_media":97599,"comment_status":"open","ping_status":"closed","sticky":false,"template":"","format":"standard","meta":{"_links_to":"","_links_to_target":""},"categories":[3280,3247],"tags":[153,41],"_links":{"self":[{"href":"https:\/\/www.locoxelrojo.com\/independiente\/wp-json\/wp\/v2\/posts\/97585"}],"collection":[{"href":"https:\/\/www.locoxelrojo.com\/independiente\/wp-json\/wp\/v2\/posts"}],"about":[{"href":"https:\/\/www.locoxelrojo.com\/independiente\/wp-json\/wp\/v2\/types\/post"}],"author":[{"embeddable":true,"href":"https:\/\/www.locoxelrojo.com\/independiente\/wp-json\/wp\/v2\/users\/8"}],"replies":[{"embeddable":true,"href":"https:\/\/www.locoxelrojo.com\/independiente\/wp-json\/wp\/v2\/comments?post=97585"}],"version-history":[{"count":6,"href":"https:\/\/www.locoxelrojo.com\/independiente\/wp-json\/wp\/v2\/posts\/97585\/revisions"}],"predecessor-version":[{"id":97600,"href":"https:\/\/www.locoxelrojo.com\/independiente\/wp-json\/wp\/v2\/posts\/97585\/revisions\/97600"}],"wp:featuredmedia":[{"embeddable":true,"href":"https:\/\/www.locoxelrojo.com\/independiente\/wp-json\/wp\/v2\/media\/97599"}],"wp:attachment":[{"href":"https:\/\/www.locoxelrojo.com\/independiente\/wp-json\/wp\/v2\/media?parent=97585"}],"wp:term":[{"taxonomy":"category","embeddable":true,"href":"https:\/\/www.locoxelrojo.com\/independiente\/wp-json\/wp\/v2\/categories?post=97585"},{"taxonomy":"post_tag","embeddable":true,"href":"https:\/\/www.locoxelrojo.com\/independiente\/wp-json\/wp\/v2\/tags?post=97585"}],"curies":[{"name":"wp","href":"https:\/\/api.w.org\/{rel}","templated":true}]}}