{"id":97626,"date":"2021-07-06T16:21:11","date_gmt":"2021-07-06T19:21:11","guid":{"rendered":"https:\/\/www.locoxelrojo.com\/independiente\/?p=97626"},"modified":"2021-07-06T16:21:11","modified_gmt":"2021-07-06T19:21:11","slug":"se-cayo-lo-de-vega","status":"publish","type":"post","link":"https:\/\/www.locoxelrojo.com\/independiente\/2021\/07\/06\/se-cayo-lo-de-vega\/","title":{"rendered":"Se cay\u00f3 lo de Vega"},"content":{"rendered":"<p>Una de las novelas con m\u00e1s cap\u00edtulos de este mercado de pases para Independiente parece haber llegado a su fin. <strong>Finalmente Central C\u00f3rdoba le baj\u00f3 el pulgar al Rojo por Cristian Vega<\/strong>.<\/p>\n<p>Desde la instituci\u00f3n de Santiago del Estero ya lo hab\u00edan advertido. <a href=\"https:\/\/www.locoxelrojo.com\/independiente\/2021\/07\/01\/la-respuesta-del-ferroviario-ante-la-nueva-propuesta-por-vega\/\">&#8220;Independiente y Gimnasia insisten, las ofertas son muy parejas. Si no se avanza con alguno, vamos a desistir de desprendernos de \u00e9l&#8221;<\/a>, hab\u00eda sugerido Alexis Ferrero, M\u00e1nager del Ferroviario, la semana pasada.<\/p>\n<p>Sin embargo confluyeron diferentes cuestiones que atentaron contra las intenciones del Rey de Copas. <strong>Primero el propio jugador dio positivo a Covid-19 y enfri\u00f3 la negociaci\u00f3n<\/strong>. Segundo, y en medio de ese episodio, ninguno de los interesados aceler\u00f3. <strong>El Rey de Copas, sobre todo, por <a href=\"https:\/\/www.locoxelrojo.com\/independiente\/2021\/07\/06\/pago-dos-inhibiciones-y-quedan-dos-mas\/\">las inhibiciones que est\u00e1 obligado a pagar en los pr\u00f3ximos d\u00edas<\/a><\/strong>.<\/p>\n<p>Y ante la indecisi\u00f3n de ambas partes, fue el propio club santiague\u00f1o quien liquid\u00f3 el asunto: <strong>Vega seguir\u00e1 en Central C\u00f3rdoba<\/strong>. As\u00ed lo hicieron saber las autoridades del club a sus pares de Independiente y Gimnasia La Plata. As\u00ed que, por ahora, <strong>Julio Falcioni deber\u00e1 buscar otra variante para la mitad de cancha<\/strong>.<\/p>\n","protected":false},"excerpt":{"rendered":"<p>Una de las novelas con m\u00e1s cap\u00edtulos de este mercado de pases para Independiente parece haber llegado a su fin. Finalmente Central C\u00f3rdoba le baj\u00f3 el pulgar al Rojo por Cristian Vega. Desde la instituci\u00f3n de Santiago del Estero ya lo hab\u00edan advertido. &#8220;Independiente y Gimnasia insisten, las ofertas son muy parejas. Si no se [&hellip;]<\/p>\n","protected":false},"author":19,"featured_media":97627,"comment_status":"open","ping_status":"closed","sticky":false,"template":"","format":"standard","meta":{"_links_to":"","_links_to_target":""},"categories":[3280,3247],"tags":[4932,4696,153,4778,483],"_links":{"self":[{"href":"https:\/\/www.locoxelrojo.com\/independiente\/wp-json\/wp\/v2\/posts\/97626"}],"collection":[{"href":"https:\/\/www.locoxelrojo.com\/independiente\/wp-json\/wp\/v2\/posts"}],"about":[{"href":"https:\/\/www.locoxelrojo.com\/independiente\/wp-json\/wp\/v2\/types\/post"}],"author":[{"embeddable":true,"href":"https:\/\/www.locoxelrojo.com\/independiente\/wp-json\/wp\/v2\/users\/19"}],"replies":[{"embeddable":true,"href":"https:\/\/www.locoxelrojo.com\/independiente\/wp-json\/wp\/v2\/comments?post=97626"}],"version-history":[{"count":1,"href":"https:\/\/www.locoxelrojo.com\/independiente\/wp-json\/wp\/v2\/posts\/97626\/revisions"}],"predecessor-version":[{"id":97628,"href":"https:\/\/www.locoxelrojo.com\/independiente\/wp-json\/wp\/v2\/posts\/97626\/revisions\/97628"}],"wp:featuredmedia":[{"embeddable":true,"href":"https:\/\/www.locoxelrojo.com\/independiente\/wp-json\/wp\/v2\/media\/97627"}],"wp:attachment":[{"href":"https:\/\/www.locoxelrojo.com\/independiente\/wp-json\/wp\/v2\/media?parent=97626"}],"wp:term":[{"taxonomy":"category","embeddable":true,"href":"https:\/\/www.locoxelrojo.com\/independiente\/wp-json\/wp\/v2\/categories?post=97626"},{"taxonomy":"post_tag","embeddable":true,"href":"https:\/\/www.locoxelrojo.com\/independiente\/wp-json\/wp\/v2\/tags?post=97626"}],"curies":[{"name":"wp","href":"https:\/\/api.w.org\/{rel}","templated":true}]}}