{"id":97698,"date":"2021-07-08T13:00:35","date_gmt":"2021-07-08T16:00:35","guid":{"rendered":"https:\/\/www.locoxelrojo.com\/independiente\/?p=97698"},"modified":"2021-07-08T17:41:35","modified_gmt":"2021-07-08T20:41:35","slug":"beron-aclaro-la-situacion-de-marinovich-y-se-enfoco-en-la-reserva","status":"publish","type":"post","link":"https:\/\/www.locoxelrojo.com\/independiente\/2021\/07\/08\/beron-aclaro-la-situacion-de-marinovich-y-se-enfoco-en-la-reserva\/","title":{"rendered":"Ber\u00f3n aclar\u00f3 la situaci\u00f3n de Marinovich y se enfoc\u00f3 en la Reserva"},"content":{"rendered":"<p>El coordinador de las inferiores de Independiente brind\u00f3 una entrevista donde <strong>cont\u00f3 como se prepara la Reserva para la reanudaci\u00f3n de la competencia tras un buen torneo el semestre pasado y dio detalles de lo sucedido con Jure Maronovich<\/strong>, <a href=\"https:\/\/www.locoxelrojo.com\/independiente\/2021\/07\/07\/el-juvenil-que-no-tenia-lugar-y-se-fue-libre-a-eslovenia\/\">arquero juvenil del Rojo que se fue libre a Eslovenia.<\/a><\/p>\n<p><strong>&#8220;Los chicos est\u00e1n bien, motivados. Se va a jugar el mismo torneo que el a\u00f1o pasado. Aparentemente empezamos con Lan\u00fas la primera fecha&#8221;<\/strong>, comenz\u00f3 diciendo Fernando Ber\u00f3n en Muy Independiente sobre los chicos del club y agreg\u00f3: <strong>&#8220;No sali\u00f3 oficialmente pero parece que el fin de semana del 17 volver\u00eda el f\u00fatbol juvenil&#8221;.<\/strong><\/p>\n<p>Luego, el entrenador explay\u00f3 lo sucedido con Marinovich: <strong>&#8220;Ten\u00edamos dos arqueros de categor\u00eda 2000: Segovia y Marinovich. Hoy, el cuarto arquero de Primera es Segovia. Por el tema de la pandemia, se extendi\u00f3 hasta diciembre para hacerles contrato. Todos los de esa categor\u00eda est\u00e1n en esa situaci\u00f3n&#8221;.<\/strong><\/p>\n<p>En la misma l\u00ednea, Ber\u00f3n continu\u00f3 explicando: <strong>&#8220;Independiente no lo dej\u00f3 libre, \u00e9l consider\u00f3 que se lo estaba dejando relegado y nos comunic\u00f3 que no iba a venir m\u00e1s. Hasta el 31 de diciembre es jugador de Independiente, el tema es que no tiene contrato. El equipo que lo contrate, deber\u00e1 pagar un resarcimiento por derechos de formaci\u00f3n. \u00c9l es descendiente croata y tiene pasaporte comunitario, por eso debe haber decidido irse&#8221;.<\/strong><\/p>\n<p>Por \u00faltimo, se refiri\u00f3 a la Joya del club, Alan Velasco, a quien \u00e9l siempre supo encontrarle su mejor posici\u00f3n:<strong> &#8220;Es un jugador joven que tiene mucho potencial. Todos sabemos las condiciones que tiene y que se va a terminar imponiendo por condiciones naturales. Julio ver\u00e1 d\u00f3nde le rinde mejor&#8221;.<\/strong><\/p>\n","protected":false},"excerpt":{"rendered":"<p>El coordinador de las inferiores de Independiente brind\u00f3 una entrevista donde cont\u00f3 como se prepara la Reserva para la reanudaci\u00f3n de la competencia tras un buen torneo el semestre pasado y dio detalles de lo sucedido con Jure Maronovich, arquero juvenil del Rojo que se fue libre a Eslovenia. &#8220;Los chicos est\u00e1n bien, motivados. Se [&hellip;]<\/p>\n","protected":false},"author":101017,"featured_media":85532,"comment_status":"open","ping_status":"closed","sticky":false,"template":"","format":"standard","meta":{"_links_to":"","_links_to_target":""},"categories":[3247,141],"tags":[153,4519,2862,4638,3270],"_links":{"self":[{"href":"https:\/\/www.locoxelrojo.com\/independiente\/wp-json\/wp\/v2\/posts\/97698"}],"collection":[{"href":"https:\/\/www.locoxelrojo.com\/independiente\/wp-json\/wp\/v2\/posts"}],"about":[{"href":"https:\/\/www.locoxelrojo.com\/independiente\/wp-json\/wp\/v2\/types\/post"}],"author":[{"embeddable":true,"href":"https:\/\/www.locoxelrojo.com\/independiente\/wp-json\/wp\/v2\/users\/101017"}],"replies":[{"embeddable":true,"href":"https:\/\/www.locoxelrojo.com\/independiente\/wp-json\/wp\/v2\/comments?post=97698"}],"version-history":[{"count":1,"href":"https:\/\/www.locoxelrojo.com\/independiente\/wp-json\/wp\/v2\/posts\/97698\/revisions"}],"predecessor-version":[{"id":97699,"href":"https:\/\/www.locoxelrojo.com\/independiente\/wp-json\/wp\/v2\/posts\/97698\/revisions\/97699"}],"wp:featuredmedia":[{"embeddable":true,"href":"https:\/\/www.locoxelrojo.com\/independiente\/wp-json\/wp\/v2\/media\/85532"}],"wp:attachment":[{"href":"https:\/\/www.locoxelrojo.com\/independiente\/wp-json\/wp\/v2\/media?parent=97698"}],"wp:term":[{"taxonomy":"category","embeddable":true,"href":"https:\/\/www.locoxelrojo.com\/independiente\/wp-json\/wp\/v2\/categories?post=97698"},{"taxonomy":"post_tag","embeddable":true,"href":"https:\/\/www.locoxelrojo.com\/independiente\/wp-json\/wp\/v2\/tags?post=97698"}],"curies":[{"name":"wp","href":"https:\/\/api.w.org\/{rel}","templated":true}]}}