{"id":97720,"date":"2021-07-09T16:51:22","date_gmt":"2021-07-09T19:51:22","guid":{"rendered":"https:\/\/www.locoxelrojo.com\/independiente\/?p=97720"},"modified":"2021-07-09T19:04:19","modified_gmt":"2021-07-09T22:04:19","slug":"doble-turno-en-el-feriado","status":"publish","type":"post","link":"https:\/\/www.locoxelrojo.com\/independiente\/2021\/07\/09\/doble-turno-en-el-feriado\/","title":{"rendered":"Doble turno en el feriado"},"content":{"rendered":"<p>El plantel del Rojo se entren\u00f3 este viernes en el <strong>predio de Villa Dom\u00ednico<\/strong> pese al feriado nacional por el D\u00eda de la Independencia.<\/p>\n<p>Los dirigidos por <strong>Julio Falcioni<\/strong> arrancaron temprano el primer turno con circuitos de <strong>movilidad, zona media y tren superior en el gimnasio<\/strong>. Posteriormente llevaron a cabo otra serie de <strong>trabajos de fuerza, potencia y velocidad en campo<\/strong>.<\/p>\n<p>Una vez finalizada la parte matutina de la pr\u00e1ctica, los jugadores de Independiente almorzaron juntos y, tal como sucede habitualmente durante esta pretemporada, aguardaron por la segunda mitad.<\/p>\n<p>El turno vespertino estuvo \u00edntegramente compuesto por trabajos con pelota: posesi\u00f3n, secuencia de pases, desmarques y definici\u00f3n. Adem\u00e1s <strong>comenzaron los trabajos de pelota detenida pensando en el encuentro del pr\u00f3ximo jueves ante Santos en Brasil<\/strong>.<\/p>\n<p>Respecto a ese partido, el Emperador transita unas horas complicadas. <a href=\"https:\/\/www.locoxelrojo.com\/independiente\/2021\/07\/09\/ahora-depende-de-la-voluntad-de-terceros\/\">Independiente deposit\u00f3 la mitad de sus deudas a Francisco Silva y a Torino y ahora depende de ellos para que levanten sus inhibiciones ante la FIFA<\/a>. De ser as\u00ed, el club podr\u00e1 inscribir a <strong>Joaqu\u00edn Laso<\/strong> para los octavos de final ya que Sergio Barreto est\u00e1 suspendido.<\/p>\n","protected":false},"excerpt":{"rendered":"<p>El plantel del Rojo se entren\u00f3 este viernes en el predio de Villa Dom\u00ednico pese al feriado nacional por el D\u00eda de la Independencia. Los dirigidos por Julio Falcioni arrancaron temprano el primer turno con circuitos de movilidad, zona media y tren superior en el gimnasio. Posteriormente llevaron a cabo otra serie de trabajos de [&hellip;]<\/p>\n","protected":false},"author":19,"featured_media":97722,"comment_status":"open","ping_status":"closed","sticky":false,"template":"","format":"standard","meta":{"_links_to":"","_links_to_target":""},"categories":[3247,3],"tags":[153,26,4923,2300,1683],"_links":{"self":[{"href":"https:\/\/www.locoxelrojo.com\/independiente\/wp-json\/wp\/v2\/posts\/97720"}],"collection":[{"href":"https:\/\/www.locoxelrojo.com\/independiente\/wp-json\/wp\/v2\/posts"}],"about":[{"href":"https:\/\/www.locoxelrojo.com\/independiente\/wp-json\/wp\/v2\/types\/post"}],"author":[{"embeddable":true,"href":"https:\/\/www.locoxelrojo.com\/independiente\/wp-json\/wp\/v2\/users\/19"}],"replies":[{"embeddable":true,"href":"https:\/\/www.locoxelrojo.com\/independiente\/wp-json\/wp\/v2\/comments?post=97720"}],"version-history":[{"count":1,"href":"https:\/\/www.locoxelrojo.com\/independiente\/wp-json\/wp\/v2\/posts\/97720\/revisions"}],"predecessor-version":[{"id":97723,"href":"https:\/\/www.locoxelrojo.com\/independiente\/wp-json\/wp\/v2\/posts\/97720\/revisions\/97723"}],"wp:featuredmedia":[{"embeddable":true,"href":"https:\/\/www.locoxelrojo.com\/independiente\/wp-json\/wp\/v2\/media\/97722"}],"wp:attachment":[{"href":"https:\/\/www.locoxelrojo.com\/independiente\/wp-json\/wp\/v2\/media?parent=97720"}],"wp:term":[{"taxonomy":"category","embeddable":true,"href":"https:\/\/www.locoxelrojo.com\/independiente\/wp-json\/wp\/v2\/categories?post=97720"},{"taxonomy":"post_tag","embeddable":true,"href":"https:\/\/www.locoxelrojo.com\/independiente\/wp-json\/wp\/v2\/tags?post=97720"}],"curies":[{"name":"wp","href":"https:\/\/api.w.org\/{rel}","templated":true}]}}