{"id":97730,"date":"2021-07-10T12:17:15","date_gmt":"2021-07-10T15:17:15","guid":{"rendered":"https:\/\/www.locoxelrojo.com\/independiente\/?p=97730"},"modified":"2021-07-10T12:27:43","modified_gmt":"2021-07-10T15:27:43","slug":"tagliafico-saco-chapa-previo-a-la-final","status":"publish","type":"post","link":"https:\/\/www.locoxelrojo.com\/independiente\/2021\/07\/10\/tagliafico-saco-chapa-previo-a-la-final\/","title":{"rendered":"Tagliafico sac\u00f3 chapa previo a la final"},"content":{"rendered":"<p><strong>Nicol\u00e1s Tagliafico<\/strong>, capit\u00e1n de <strong>Independiente<\/strong> en el tercer <strong>Maracanazo<\/strong>, public\u00f3 una foto en sus redes sociales en la antesala de la final de la Copa Am\u00e9rica.<\/p>\n<p>Claro, <strong>es el \u00fanico del plantel argentino que sabe lo que es levantar un trofeo en el m\u00edtico estadio<\/strong> donde esta noche, desde las 21, la Selecci\u00f3n Nacional y Brasil jugar\u00e1n la final de la Copa Am\u00e9rica.<\/p>\n<p><strong>&#8220;Que lindos recuerdos&#8221;<\/strong>, escribi\u00f3 Nico junto a la foto del saludo hist\u00f3rico del Orgullo Nacional la noche del <strong>13 de diciembre de 2017<\/strong>, cuando el Rey de Copas empat\u00f3 1-1 con Flamengo y se alz\u00f3 con su t\u00edtulo internacional n\u00famero 17.<\/p>\n<blockquote class=\"twitter-tweet\">\n<p dir=\"ltr\" lang=\"es\">Qu\u00e9 lindos recuerdos\u2026 &#x1f519;&#x1f4cd;&#x1f3df; <a href=\"https:\/\/twitter.com\/hashtag\/Maracan%C3%A1?src=hash&amp;ref_src=twsrc%5Etfw\">#Maracan\u00e1<\/a> <a href=\"https:\/\/t.co\/lNUwThBSNp\">pic.twitter.com\/lNUwThBSNp<\/a><\/p>\n<p>\u2014 Nico Tagliafico &#x1f1e6;&#x1f1f7; (@nico_taglia) <a href=\"https:\/\/twitter.com\/nico_taglia\/status\/1413866666086240260?ref_src=twsrc%5Etfw\">July 10, 2021<\/a><\/p><\/blockquote>\n<p><script async src=\"https:\/\/platform.twitter.com\/widgets.js\" charset=\"utf-8\"><\/script><\/p>\n<p>Con su presencia en el carril izquierdo casi asegurada como tambi\u00e9n la de <strong>Emiliano Mart\u00ednez<\/strong> en el arco, los de <strong>Lionel Scaloni<\/strong> tendr\u00edan a dos ex Independiente entre los once titulares. En tanto que <strong>Sergio Ag\u00fcero<\/strong> esperar\u00e1 su chance en el banco.<\/p>\n<blockquote class=\"instagram-media\" style=\"background: #FFF; border: 0; border-radius: 3px; box-shadow: 0 0 1px 0 rgba(0,0,0,0.5),0 1px 10px 0 rgba(0,0,0,0.15); margin: 1px; max-width: 540px; min-width: 326px; padding: 0; width: calc(100% - 2px);\" data-instgrm-captioned=\"\" data-instgrm-permalink=\"https:\/\/www.instagram.com\/p\/CRJpoIDlD0H\/?utm_source=ig_embed&amp;utm_campaign=loading\" data-instgrm-version=\"13\">\n<div style=\"padding: 16px;\">\n<p>&nbsp;<\/p>\n<div style=\"display: flex; flex-direction: row; align-items: center;\">\n<div style=\"background-color: #f4f4f4; border-radius: 50%; flex-grow: 0; height: 40px; margin-right: 14px; width: 40px;\"><\/div>\n<div style=\"display: flex; flex-direction: column; flex-grow: 1; justify-content: center;\">\n<div style=\"background-color: #f4f4f4; border-radius: 4px; flex-grow: 0; height: 14px; margin-bottom: 6px; width: 100px;\"><\/div>\n<div style=\"background-color: #f4f4f4; border-radius: 4px; flex-grow: 0; height: 14px; width: 60px;\"><\/div>\n<\/div>\n<\/div>\n<div style=\"padding: 19% 0;\"><\/div>\n<div style=\"display: block; height: 50px; margin: 0 auto 12px; width: 50px;\"><\/div>\n<div style=\"padding-top: 8px;\">\n<div style=\"color: #3897f0; font-family: Arial,sans-serif; font-size: 14px; font-style: normal; font-weight: 550; line-height: 18px;\">Ver esta publicaci\u00f3n en Instagram<\/div>\n<\/div>\n<div style=\"padding: 12.5% 0;\"><\/div>\n<div style=\"display: flex; flex-direction: row; margin-bottom: 14px; align-items: center;\">\n<div>\n<div style=\"background-color: #f4f4f4; border-radius: 50%; height: 12.5px; width: 12.5px; transform: translateX(0px) translateY(7px);\"><\/div>\n<div style=\"background-color: #f4f4f4; height: 12.5px; transform: rotate(-45deg) translateX(3px) translateY(1px); width: 12.5px; flex-grow: 0; margin-right: 14px; margin-left: 2px;\"><\/div>\n<div style=\"background-color: #f4f4f4; border-radius: 50%; height: 12.5px; width: 12.5px; transform: translateX(9px) translateY(-18px);\"><\/div>\n<\/div>\n<div style=\"margin-left: 8px;\">\n<div style=\"background-color: #f4f4f4; border-radius: 50%; flex-grow: 0; height: 20px; width: 20px;\"><\/div>\n<div style=\"width: 0; height: 0; border-top: 2px solid transparent; border-left: 6px solid #f4f4f4; border-bottom: 2px solid transparent; transform: translateX(16px) translateY(-4px) rotate(30deg);\"><\/div>\n<\/div>\n<div style=\"margin-left: auto;\">\n<div style=\"width: 0px; border-top: 8px solid #F4F4F4; border-right: 8px solid transparent; transform: translateY(16px);\"><\/div>\n<div style=\"background-color: #f4f4f4; flex-grow: 0; height: 12px; width: 16px; transform: translateY(-4px);\"><\/div>\n<div style=\"width: 0; height: 0; border-top: 8px solid #F4F4F4; border-left: 8px solid transparent; transform: translateY(-4px) translateX(8px);\"><\/div>\n<\/div>\n<\/div>\n<div style=\"display: flex; flex-direction: column; flex-grow: 1; justify-content: center; margin-bottom: 24px;\">\n<div style=\"background-color: #f4f4f4; border-radius: 4px; flex-grow: 0; height: 14px; margin-bottom: 6px; width: 224px;\"><\/div>\n<div style=\"background-color: #f4f4f4; border-radius: 4px; flex-grow: 0; height: 14px; width: 144px;\"><\/div>\n<\/div>\n<p>&nbsp;<\/p>\n<p style=\"color: #c9c8cd; font-family: Arial,sans-serif; font-size: 14px; line-height: 17px; margin-bottom: 0; margin-top: 8px; overflow: hidden; padding: 8px 0 7px; text-align: center; text-overflow: ellipsis; white-space: nowrap;\"><a style=\"color: #c9c8cd; font-family: Arial,sans-serif; font-size: 14px; font-style: normal; font-weight: normal; line-height: 17px; text-decoration: none;\" href=\"https:\/\/www.instagram.com\/p\/CRJpoIDlD0H\/?utm_source=ig_embed&amp;utm_campaign=loading\" target=\"_blank\" rel=\"noopener\">Una publicaci\u00f3n compartida de LocoXelRojo.com (@locoxelrojoweb)<\/a><\/p>\n<\/div>\n<\/blockquote>\n<p><script async src=\"\/\/www.instagram.com\/embed.js\"><\/script><\/p>\n","protected":false},"excerpt":{"rendered":"<p>Nicol\u00e1s Tagliafico, capit\u00e1n de Independiente en el tercer Maracanazo, public\u00f3 una foto en sus redes sociales en la antesala de la final de la Copa Am\u00e9rica. Claro, es el \u00fanico del plantel argentino que sabe lo que es levantar un trofeo en el m\u00edtico estadio donde esta noche, desde las 21, la Selecci\u00f3n Nacional y [&hellip;]<\/p>\n","protected":false},"author":19,"featured_media":97731,"comment_status":"open","ping_status":"closed","sticky":false,"template":"","format":"standard","meta":{"_links_to":"","_links_to_target":""},"categories":[3247,3363],"tags":[315,153,4938,3347,814,1600,450,143],"_links":{"self":[{"href":"https:\/\/www.locoxelrojo.com\/independiente\/wp-json\/wp\/v2\/posts\/97730"}],"collection":[{"href":"https:\/\/www.locoxelrojo.com\/independiente\/wp-json\/wp\/v2\/posts"}],"about":[{"href":"https:\/\/www.locoxelrojo.com\/independiente\/wp-json\/wp\/v2\/types\/post"}],"author":[{"embeddable":true,"href":"https:\/\/www.locoxelrojo.com\/independiente\/wp-json\/wp\/v2\/users\/19"}],"replies":[{"embeddable":true,"href":"https:\/\/www.locoxelrojo.com\/independiente\/wp-json\/wp\/v2\/comments?post=97730"}],"version-history":[{"count":2,"href":"https:\/\/www.locoxelrojo.com\/independiente\/wp-json\/wp\/v2\/posts\/97730\/revisions"}],"predecessor-version":[{"id":97733,"href":"https:\/\/www.locoxelrojo.com\/independiente\/wp-json\/wp\/v2\/posts\/97730\/revisions\/97733"}],"wp:featuredmedia":[{"embeddable":true,"href":"https:\/\/www.locoxelrojo.com\/independiente\/wp-json\/wp\/v2\/media\/97731"}],"wp:attachment":[{"href":"https:\/\/www.locoxelrojo.com\/independiente\/wp-json\/wp\/v2\/media?parent=97730"}],"wp:term":[{"taxonomy":"category","embeddable":true,"href":"https:\/\/www.locoxelrojo.com\/independiente\/wp-json\/wp\/v2\/categories?post=97730"},{"taxonomy":"post_tag","embeddable":true,"href":"https:\/\/www.locoxelrojo.com\/independiente\/wp-json\/wp\/v2\/tags?post=97730"}],"curies":[{"name":"wp","href":"https:\/\/api.w.org\/{rel}","templated":true}]}}