{"id":97750,"date":"2021-07-11T13:25:53","date_gmt":"2021-07-11T16:25:53","guid":{"rendered":"https:\/\/www.locoxelrojo.com\/independiente\/?p=97750"},"modified":"2021-07-11T15:28:07","modified_gmt":"2021-07-11T18:28:07","slug":"el-kun-se-tomo-revancha","status":"publish","type":"post","link":"https:\/\/www.locoxelrojo.com\/independiente\/2021\/07\/11\/el-kun-se-tomo-revancha\/","title":{"rendered":"El Kun se tom\u00f3 revancha: &#8220;Nunca dejen de intentarlo&#8221;"},"content":{"rendered":"<p><strong>Sergio Ag\u00fcero grit\u00f3 campe\u00f3n por primera vez con la Selecci\u00f3n Argentina Mayor y se tom\u00f3 revancha de las finales perdidas en 2014, 2015 y 2016.<\/strong><\/p>\n<p>El Kun fue uno de los pocos jugadores de la generaci\u00f3n anterior que pudo sacarse la espina de no ganar un t\u00edtulo. Despu\u00e9s de quedarse en la puerta de la gloria en el Mundial de Brasil y en la Copas Am\u00e9rica de Chile y Estados Unidos, el ex Independiente se dio el gusto de dar la vuelta con la Albiceleste.<\/p>\n<p>Est\u00e1 claro que no fue la mejor Copa de Ag\u00fcero. De hecho, particip\u00f3 muy poco y no pudo marcar goles. <strong>Jug\u00f3 apenas 10 minutos contra Chile, 59 ante Paraguay y 63 frente a Bolivia<\/strong>, todos partidos de la fase de grupos. Pero nadie le quita lo bailado al tercer m\u00e1ximo goleador de la Selecci\u00f3n, que por fin se tom\u00f3 revancha despu\u00e9s de tanto trabajo y tanta insistencia junto a su amigo -y ahora compa\u00f1ero- Lionel Messi.<\/p>\n<blockquote class=\"twitter-tweet\" data-width=\"550\" data-dnt=\"true\">\n<p lang=\"es\" dir=\"ltr\">Nunca dejen de intentarlo. Nunca dejen de creer. Campeones!!! Te amo \ud83c\udde6\ud83c\uddf7 \u2764\ufe0f <a href=\"https:\/\/t.co\/OwTYEIlhhd\">pic.twitter.com\/OwTYEIlhhd<\/a><\/p>\n<p>&mdash; Sergio Kun Aguero (@aguerosergiokun) <a href=\"https:\/\/twitter.com\/aguerosergiokun\/status\/1414058647919988736?ref_src=twsrc%5Etfw\">July 11, 2021<\/a><\/p><\/blockquote>\n<p><script async src=\"https:\/\/platform.twitter.com\/widgets.js\" charset=\"utf-8\"><\/script><\/p>\n<p>A trav\u00e9s de sus redes sociales, el exdelantero del Rojo hizo un breve posteo que resumi\u00f3 todo su desahogo: <strong>&#8220;Nunca dejen de intentarlo. Nunca dejen de creer. \u00a1Campeones! Te amo Argentina&#8221;<\/strong>.<\/p>\n<p>Despu\u00e9s de la vuelta ol\u00edmpica en el Maracan\u00e1, el Kun les mostr\u00f3 a todos la intimidad del vestuario con un vivo de Instagram, donde hizo las bromas a las que nos ten\u00eda acostumbrados durante su \u00e9poca de streamer.<\/p>\n<blockquote class=\"twitter-tweet\" data-width=\"550\" data-dnt=\"true\">\n<p lang=\"es\" dir=\"ltr\">Dios bendiga a la persona que edit\u00f3 estos 22 segundos sin desperdicio alguno del Kun Ag\u00fcero festejando la Copa Am\u00e9rica. <a href=\"https:\/\/t.co\/G2NRhnlily\">pic.twitter.com\/G2NRhnlily<\/a><\/p>\n<p>&mdash; Christian Alonso (@ChrisLAlonso) <a href=\"https:\/\/twitter.com\/ChrisLAlonso\/status\/1414233278479994885?ref_src=twsrc%5Etfw\">July 11, 2021<\/a><\/p><\/blockquote>\n<p><script async src=\"https:\/\/platform.twitter.com\/widgets.js\" charset=\"utf-8\"><\/script><\/p>\n","protected":false},"excerpt":{"rendered":"<p>Sergio Ag\u00fcero grit\u00f3 campe\u00f3n por primera vez con la Selecci\u00f3n Argentina Mayor y se tom\u00f3 revancha de las finales perdidas en 2014, 2015 y 2016. El Kun fue uno de los pocos jugadores de la generaci\u00f3n anterior que pudo sacarse la espina de no ganar un t\u00edtulo. Despu\u00e9s de quedarse en la puerta de la [&hellip;]<\/p>\n","protected":false},"author":8,"featured_media":97754,"comment_status":"open","ping_status":"closed","sticky":false,"template":"","format":"standard","meta":{"_links_to":"","_links_to_target":""},"categories":[3247,3281],"tags":[315,4771,450,143],"_links":{"self":[{"href":"https:\/\/www.locoxelrojo.com\/independiente\/wp-json\/wp\/v2\/posts\/97750"}],"collection":[{"href":"https:\/\/www.locoxelrojo.com\/independiente\/wp-json\/wp\/v2\/posts"}],"about":[{"href":"https:\/\/www.locoxelrojo.com\/independiente\/wp-json\/wp\/v2\/types\/post"}],"author":[{"embeddable":true,"href":"https:\/\/www.locoxelrojo.com\/independiente\/wp-json\/wp\/v2\/users\/8"}],"replies":[{"embeddable":true,"href":"https:\/\/www.locoxelrojo.com\/independiente\/wp-json\/wp\/v2\/comments?post=97750"}],"version-history":[{"count":4,"href":"https:\/\/www.locoxelrojo.com\/independiente\/wp-json\/wp\/v2\/posts\/97750\/revisions"}],"predecessor-version":[{"id":97756,"href":"https:\/\/www.locoxelrojo.com\/independiente\/wp-json\/wp\/v2\/posts\/97750\/revisions\/97756"}],"wp:featuredmedia":[{"embeddable":true,"href":"https:\/\/www.locoxelrojo.com\/independiente\/wp-json\/wp\/v2\/media\/97754"}],"wp:attachment":[{"href":"https:\/\/www.locoxelrojo.com\/independiente\/wp-json\/wp\/v2\/media?parent=97750"}],"wp:term":[{"taxonomy":"category","embeddable":true,"href":"https:\/\/www.locoxelrojo.com\/independiente\/wp-json\/wp\/v2\/categories?post=97750"},{"taxonomy":"post_tag","embeddable":true,"href":"https:\/\/www.locoxelrojo.com\/independiente\/wp-json\/wp\/v2\/tags?post=97750"}],"curies":[{"name":"wp","href":"https:\/\/api.w.org\/{rel}","templated":true}]}}