{"id":97772,"date":"2021-07-12T16:17:43","date_gmt":"2021-07-12T19:17:43","guid":{"rendered":"https:\/\/www.locoxelrojo.com\/independiente\/?p=97772"},"modified":"2021-07-12T16:17:43","modified_gmt":"2021-07-12T19:17:43","slug":"la-agenda-del-viaje-a-brasil","status":"publish","type":"post","link":"https:\/\/www.locoxelrojo.com\/independiente\/2021\/07\/12\/la-agenda-del-viaje-a-brasil\/","title":{"rendered":"La agenda del viaje a Brasil"},"content":{"rendered":"<p><strong>Conoc\u00e9 el cronograma del plantel de Independiente<\/strong> de cara al duelo de este jueves ante Santos en suelo brasile\u00f1o.<\/p>\n<p><a href=\"https:\/\/www.locoxelrojo.com\/independiente\/2021\/07\/12\/moviendo-las-ultimas-fichas\/\">Tras el entrenamiento de esta ma\u00f1ana<\/a>, los jugadores comandados por Julio C\u00e9sar Falcioni continuar\u00e1n <strong>el martes con una nueva pr\u00e1ctica en Villa Dom\u00ednico desde las 9:30hs y, una vez finalizada, el entrenador y Silvio Romero brindar\u00e1n una conferencia de prensa (alrededor de las 11:30hs).<\/strong><\/p>\n<p>Luego, <strong>el equipo tendr\u00e1 una jornada m\u00e1s de entrenamiento el mi\u00e9rcoles por la ma\u00f1ana para despu\u00e9s a la tarde, a las 14:45hs, viajar en vuelo ch\u00e1rter<\/strong> de Aerol\u00edneas Argentinas desde el aeropuerto Jorge Newbery hasta la ciudad de San Pablo. Una vez all\u00ed, <strong>se trasladar\u00e1 en micro a Santos y se hospedar\u00e1 en el hotel Sheraton.<\/strong><\/p>\n<p><strong>Ya el jueves<\/strong>, d\u00eda del partido, <strong>los futbolistas har\u00e1n una activaci\u00f3n f\u00edsica a las 10hs en el hospedaje y, a las 17:15hs, partir\u00e1n en micro hacia el estadio Vila Belmiro <\/strong>para el cotejo que comenzar\u00e1 19:15hs.<\/p>\n<p>Tras el encuentro, <strong>el Rojo dormir\u00e1 en Brasil y el viernes a las 10hs volver\u00e1n a Buenos Aires nuevamente en vuelo ch\u00e1rter.<\/strong> Aqu\u00ed, <strong>almorzar\u00e1n a las 13:30hs en el hotel Scala y a las 17hs se entrenaran nuevamente en el predio.<\/strong><\/p>\n","protected":false},"excerpt":{"rendered":"<p>Conoc\u00e9 el cronograma del plantel de Independiente de cara al duelo de este jueves ante Santos en suelo brasile\u00f1o. Tras el entrenamiento de esta ma\u00f1ana, los jugadores comandados por Julio C\u00e9sar Falcioni continuar\u00e1n el martes con una nueva pr\u00e1ctica en Villa Dom\u00ednico desde las 9:30hs y, una vez finalizada, el entrenador y Silvio Romero brindar\u00e1n [&hellip;]<\/p>\n","protected":false},"author":101017,"featured_media":97773,"comment_status":"open","ping_status":"closed","sticky":false,"template":"","format":"standard","meta":{"_links_to":"","_links_to_target":""},"categories":[3247,3],"tags":[3684,315,153,4555,26,745,1797,1616,172],"_links":{"self":[{"href":"https:\/\/www.locoxelrojo.com\/independiente\/wp-json\/wp\/v2\/posts\/97772"}],"collection":[{"href":"https:\/\/www.locoxelrojo.com\/independiente\/wp-json\/wp\/v2\/posts"}],"about":[{"href":"https:\/\/www.locoxelrojo.com\/independiente\/wp-json\/wp\/v2\/types\/post"}],"author":[{"embeddable":true,"href":"https:\/\/www.locoxelrojo.com\/independiente\/wp-json\/wp\/v2\/users\/101017"}],"replies":[{"embeddable":true,"href":"https:\/\/www.locoxelrojo.com\/independiente\/wp-json\/wp\/v2\/comments?post=97772"}],"version-history":[{"count":1,"href":"https:\/\/www.locoxelrojo.com\/independiente\/wp-json\/wp\/v2\/posts\/97772\/revisions"}],"predecessor-version":[{"id":97774,"href":"https:\/\/www.locoxelrojo.com\/independiente\/wp-json\/wp\/v2\/posts\/97772\/revisions\/97774"}],"wp:featuredmedia":[{"embeddable":true,"href":"https:\/\/www.locoxelrojo.com\/independiente\/wp-json\/wp\/v2\/media\/97773"}],"wp:attachment":[{"href":"https:\/\/www.locoxelrojo.com\/independiente\/wp-json\/wp\/v2\/media?parent=97772"}],"wp:term":[{"taxonomy":"category","embeddable":true,"href":"https:\/\/www.locoxelrojo.com\/independiente\/wp-json\/wp\/v2\/categories?post=97772"},{"taxonomy":"post_tag","embeddable":true,"href":"https:\/\/www.locoxelrojo.com\/independiente\/wp-json\/wp\/v2\/tags?post=97772"}],"curies":[{"name":"wp","href":"https:\/\/api.w.org\/{rel}","templated":true}]}}