{"id":97781,"date":"2021-07-12T20:36:53","date_gmt":"2021-07-12T23:36:53","guid":{"rendered":"https:\/\/www.locoxelrojo.com\/independiente\/?p=97781"},"modified":"2021-07-12T20:40:22","modified_gmt":"2021-07-12T23:40:22","slug":"no-llego-a-tiempo-con-las-inhibiciones-y-laso-se-queda-sin-copa-sudamericana","status":"publish","type":"post","link":"https:\/\/www.locoxelrojo.com\/independiente\/2021\/07\/12\/no-llego-a-tiempo-con-las-inhibiciones-y-laso-se-queda-sin-copa-sudamericana\/","title":{"rendered":"No lleg\u00f3 a tiempo con las inhibiciones y Laso se queda sin Copa Sudamericana"},"content":{"rendered":"<p><strong>Independiente no logr\u00f3 levantar a tiempo las inhibiciones y <a href=\"https:\/\/www.locoxelrojo.com\/independiente\/2021\/07\/12\/cambios-en-la-lista-de-la-copa-sudamericana\/\">Joaqu\u00edn Laso no pudo se inscripto en la lista de Copa Sudamericana<\/strong>.<\/a><\/p>\n<p><strong>Los plazos se vencieron el s\u00e1bado y este lunes<\/strong> y, el \u00fanico refuerzo en este mercado de pases, no pudo ser anotado en la lista de buena fe del certamen continental.<strong> En las \u00faltimas horas lo dirigentes del Rojo lograron saldar una parte de lo que se le debe a Torino (a\u00fan restan cerca de 800.000 d\u00f3lares) y completaron los 950.000 d\u00f3lares por Francisco Silva, pero todav\u00eda el monto no se acredit\u00f3 en la cuenta del chileno.<\/strong><\/p>\n<p><strong>Todo esto no alcanz\u00f3 para dejar las cuentas claras en FIFA. <\/strong>Ahora, habr\u00e1 que ver si se llega a tiempo para que el defensor pueda disputar la Liga Profesional de F\u00fatbol. Ah\u00ed el plazo es antes del debut de Independiente frente a Argentinos Juniors.<\/p>\n","protected":false},"excerpt":{"rendered":"<p>Independiente no logr\u00f3 levantar a tiempo las inhibiciones y Joaqu\u00edn Laso no pudo se inscripto en la lista de Copa Sudamericana. Los plazos se vencieron el s\u00e1bado y este lunes y, el \u00fanico refuerzo en este mercado de pases, no pudo ser anotado en la lista de buena fe del certamen continental. En las \u00faltimas [&hellip;]<\/p>\n","protected":false},"author":1,"featured_media":97782,"comment_status":"open","ping_status":"closed","sticky":false,"template":"","format":"standard","meta":{"_links_to":"","_links_to_target":""},"categories":[3280,3247],"tags":[153,1729,3902,4923,421],"_links":{"self":[{"href":"https:\/\/www.locoxelrojo.com\/independiente\/wp-json\/wp\/v2\/posts\/97781"}],"collection":[{"href":"https:\/\/www.locoxelrojo.com\/independiente\/wp-json\/wp\/v2\/posts"}],"about":[{"href":"https:\/\/www.locoxelrojo.com\/independiente\/wp-json\/wp\/v2\/types\/post"}],"author":[{"embeddable":true,"href":"https:\/\/www.locoxelrojo.com\/independiente\/wp-json\/wp\/v2\/users\/1"}],"replies":[{"embeddable":true,"href":"https:\/\/www.locoxelrojo.com\/independiente\/wp-json\/wp\/v2\/comments?post=97781"}],"version-history":[{"count":3,"href":"https:\/\/www.locoxelrojo.com\/independiente\/wp-json\/wp\/v2\/posts\/97781\/revisions"}],"predecessor-version":[{"id":97785,"href":"https:\/\/www.locoxelrojo.com\/independiente\/wp-json\/wp\/v2\/posts\/97781\/revisions\/97785"}],"wp:featuredmedia":[{"embeddable":true,"href":"https:\/\/www.locoxelrojo.com\/independiente\/wp-json\/wp\/v2\/media\/97782"}],"wp:attachment":[{"href":"https:\/\/www.locoxelrojo.com\/independiente\/wp-json\/wp\/v2\/media?parent=97781"}],"wp:term":[{"taxonomy":"category","embeddable":true,"href":"https:\/\/www.locoxelrojo.com\/independiente\/wp-json\/wp\/v2\/categories?post=97781"},{"taxonomy":"post_tag","embeddable":true,"href":"https:\/\/www.locoxelrojo.com\/independiente\/wp-json\/wp\/v2\/tags?post=97781"}],"curies":[{"name":"wp","href":"https:\/\/api.w.org\/{rel}","templated":true}]}}