{"id":98012,"date":"2021-07-18T21:08:45","date_gmt":"2021-07-19T00:08:45","guid":{"rendered":"https:\/\/www.locoxelrojo.com\/independiente\/?p=98012"},"modified":"2021-07-18T23:34:39","modified_gmt":"2021-07-19T02:34:39","slug":"despues-de-tanta-lucha-chila-tuvo-su-debut","status":"publish","type":"post","link":"https:\/\/www.locoxelrojo.com\/independiente\/2021\/07\/18\/despues-de-tanta-lucha-chila-tuvo-su-debut\/","title":{"rendered":"Despu\u00e9s de tanta lucha, Chila tuvo su debut"},"content":{"rendered":"<p><strong>En el empate frente Argentinos Juniors por la 1\u00aa fecha del campeonato, Rodrigo M\u00e1rquez hizo su debut en la Primera de Independiente. A falta de diez minutos para el cierre del partido, el Chila ingres\u00f3 en lugar de Domingo Blanco.<\/strong><\/p>\n<p>El oriundo de Misiones se encuentra en el club desde los 10 a\u00f1os, cuando fue reclutado jugando en su pueblo natal. Hizo todas las Inferiores en el club y le toc\u00f3 pasar momentos muy dif\u00edciles. Cuando se encontraba en la S\u00e9ptima sufri\u00f3<strong> una grave lesi\u00f3n: la rotura del ligamento cruzado anterior de su rodilla derecha<\/strong> y una distensi\u00f3n del colateral interno.<\/p>\n<p>Luego de recuperarse comenz\u00f3 a trabajar con la Reserva. Debut\u00f3, jug\u00f3 3 partidos en el equipo de Marcelo G\u00f3mez y anot\u00f3 2 goles, pero <strong>en septiembre de 2019 nuevamente se rompi\u00f3 los ligamentos<\/strong>. Al superar su segunda lesi\u00f3n, en febrero de este a\u00f1o regres\u00f3 a la actividad y lo hizo con un gol y una asistencia frente a Lan\u00fas en un partido de reserva.<\/p>\n<p>A fines de 2020, M\u00e1rquez <strong>firm\u00f3 la renovaci\u00f3n del v\u00ednculo con el Rojo hasta diciembre de 2022<\/strong> y con una cl\u00e1usula de rescisi\u00f3n de 15.000.000 de d\u00f3lares. Hace unos meses Rodrigo hab\u00eda dicho: <strong>\u201cUno de mis objetivos de este a\u00f1o es llegar. Desde que llegu\u00e9 al club tengo el sue\u00f1o de debutar en Primera\u201d<\/strong>. Hoy lo pudo cumplir.<\/p>\n<p>Tras haber ingresado por Blanco, M\u00e1rquez tuvo una participaci\u00f3n activa en el ataque del Rojo. Junto a Braian Mart\u00ednez y Jonathan Herrera, form\u00f3 el tridente que jug\u00f3 detr\u00e1s de Silvio Romero y <strong>se anim\u00f3 a sacar un remate al arco que hizo esforzarse al arquero Lucas Chaves<\/strong>. Seguramente sea el primer partido de muchos en este semestre.<\/p>\n","protected":false},"excerpt":{"rendered":"<p>En el empate frente Argentinos Juniors por la 1\u00aa fecha del campeonato, Rodrigo M\u00e1rquez hizo su debut en la Primera de Independiente. A falta de diez minutos para el cierre del partido, el Chila ingres\u00f3 en lugar de Domingo Blanco. El oriundo de Misiones se encuentra en el club desde los 10 a\u00f1os, cuando fue [&hellip;]<\/p>\n","protected":false},"author":101025,"featured_media":98014,"comment_status":"open","ping_status":"closed","sticky":false,"template":"","format":"standard","meta":{"_links_to":"","_links_to_target":""},"categories":[3247,3],"tags":[473,153,4931,4050],"_links":{"self":[{"href":"https:\/\/www.locoxelrojo.com\/independiente\/wp-json\/wp\/v2\/posts\/98012"}],"collection":[{"href":"https:\/\/www.locoxelrojo.com\/independiente\/wp-json\/wp\/v2\/posts"}],"about":[{"href":"https:\/\/www.locoxelrojo.com\/independiente\/wp-json\/wp\/v2\/types\/post"}],"author":[{"embeddable":true,"href":"https:\/\/www.locoxelrojo.com\/independiente\/wp-json\/wp\/v2\/users\/101025"}],"replies":[{"embeddable":true,"href":"https:\/\/www.locoxelrojo.com\/independiente\/wp-json\/wp\/v2\/comments?post=98012"}],"version-history":[{"count":3,"href":"https:\/\/www.locoxelrojo.com\/independiente\/wp-json\/wp\/v2\/posts\/98012\/revisions"}],"predecessor-version":[{"id":98016,"href":"https:\/\/www.locoxelrojo.com\/independiente\/wp-json\/wp\/v2\/posts\/98012\/revisions\/98016"}],"wp:featuredmedia":[{"embeddable":true,"href":"https:\/\/www.locoxelrojo.com\/independiente\/wp-json\/wp\/v2\/media\/98014"}],"wp:attachment":[{"href":"https:\/\/www.locoxelrojo.com\/independiente\/wp-json\/wp\/v2\/media?parent=98012"}],"wp:term":[{"taxonomy":"category","embeddable":true,"href":"https:\/\/www.locoxelrojo.com\/independiente\/wp-json\/wp\/v2\/categories?post=98012"},{"taxonomy":"post_tag","embeddable":true,"href":"https:\/\/www.locoxelrojo.com\/independiente\/wp-json\/wp\/v2\/tags?post=98012"}],"curies":[{"name":"wp","href":"https:\/\/api.w.org\/{rel}","templated":true}]}}