{"id":98069,"date":"2021-07-20T19:40:21","date_gmt":"2021-07-20T22:40:21","guid":{"rendered":"https:\/\/www.locoxelrojo.com\/independiente\/?p=98069"},"modified":"2021-07-20T20:08:48","modified_gmt":"2021-07-20T23:08:48","slug":"los-5-ultimos-juveniles-que-superaron-los-100-partidos","status":"publish","type":"post","link":"https:\/\/www.locoxelrojo.com\/independiente\/2021\/07\/20\/los-5-ultimos-juveniles-que-superaron-los-100-partidos\/","title":{"rendered":"Los 5 \u00faltimos juveniles que superaron los 100 partidos"},"content":{"rendered":"<p><strong>A ra\u00edz del debut de Rodrigo M\u00e1rquez, en una nueva edici\u00f3n de Los 5 repasamos qui\u00e9nes fueron los \u00faltimos juveniles que superaron los 100 partidos en la Primera de Independiente.<\/strong><\/p>\n<h3>Mart\u00edn Ben\u00edtez<\/h3>\n<p><a href=\"https:\/\/www.locoxelrojo.com\/independiente\/2019\/08\/01\/lxrtv-el-compacto-ante-univerisdad-catolica\/martin-benitez-u-catolica-gol\/\" rel=\"attachment wp-att-84279\"><img loading=\"lazy\" class=\"alignnone size-full wp-image-84279\" src=\"https:\/\/locoxelrojo.com\/independiente\/wp-content\/uploads\/2019\/08\/martin-benitez-u-catolica-gol.jpg\" alt=\"\" width=\"741\" height=\"486\" srcset=\"https:\/\/locoxelrojo.com\/independiente\/wp-content\/uploads\/2019\/08\/martin-benitez-u-catolica-gol.jpg 741w, https:\/\/locoxelrojo.com\/independiente\/wp-content\/uploads\/2019\/08\/martin-benitez-u-catolica-gol-300x197.jpg 300w, https:\/\/locoxelrojo.com\/independiente\/wp-content\/uploads\/2019\/08\/martin-benitez-u-catolica-gol-696x456.jpg 696w, https:\/\/locoxelrojo.com\/independiente\/wp-content\/uploads\/2019\/08\/martin-benitez-u-catolica-gol-640x420.jpg 640w, https:\/\/locoxelrojo.com\/independiente\/wp-content\/uploads\/2019\/08\/martin-benitez-u-catolica-gol-128x84.jpg 128w, https:\/\/locoxelrojo.com\/independiente\/wp-content\/uploads\/2019\/08\/martin-benitez-u-catolica-gol-32x21.jpg 32w\" sizes=\"(max-width: 741px) 100vw, 741px\" \/><\/a><\/p>\n<p>El misionero fue el juvenil que m\u00e1s tiempo permaneci\u00f3 en el club de estos cinco. Con buenas y malas, Ben\u00edtez tuvo su estreno con Ram\u00f3n D\u00edaz como DT, en el triunfo 3-0 frente a Olimpo en noviembre de 2011 y luego marc\u00f3 en dos fechas consecutivas, contra Newell\u2019s y San Lorenzo. Permaneci\u00f3 en el Rojo hasta el 2020, disputando 212 encuentros y marcando 25 goles. Fue campe\u00f3n de la Copa Sudamericana 2017 y la Suruga Bank 2018.<\/p>\n<h3>Fabricio Bustos<\/h3>\n<p><a href=\"https:\/\/www.locoxelrojo.com\/independiente\/2021\/04\/24\/un-partido-clave-para-consolidarse\/fabricio-bustos-gol-3\/\" rel=\"attachment wp-att-95567\"><img loading=\"lazy\" class=\"alignnone size-full wp-image-95567\" src=\"https:\/\/locoxelrojo.com\/independiente\/wp-content\/uploads\/2021\/04\/Fabricio-Bustos-gol.jpg\" alt=\"Fabricio-Bustos-Gol-Independiente-Newells-Rosario\" width=\"1014\" height=\"629\" srcset=\"https:\/\/locoxelrojo.com\/independiente\/wp-content\/uploads\/2021\/04\/Fabricio-Bustos-gol.jpg 1014w, https:\/\/locoxelrojo.com\/independiente\/wp-content\/uploads\/2021\/04\/Fabricio-Bustos-gol-300x186.jpg 300w, https:\/\/locoxelrojo.com\/independiente\/wp-content\/uploads\/2021\/04\/Fabricio-Bustos-gol-768x476.jpg 768w, https:\/\/locoxelrojo.com\/independiente\/wp-content\/uploads\/2021\/04\/Fabricio-Bustos-gol-356x220.jpg 356w, https:\/\/locoxelrojo.com\/independiente\/wp-content\/uploads\/2021\/04\/Fabricio-Bustos-gol-696x432.jpg 696w, https:\/\/locoxelrojo.com\/independiente\/wp-content\/uploads\/2021\/04\/Fabricio-Bustos-gol-677x420.jpg 677w, https:\/\/locoxelrojo.com\/independiente\/wp-content\/uploads\/2021\/04\/Fabricio-Bustos-gol-128x79.jpg 128w, https:\/\/locoxelrojo.com\/independiente\/wp-content\/uploads\/2021\/04\/Fabricio-Bustos-gol-32x20.jpg 32w\" sizes=\"(max-width: 1014px) 100vw, 1014px\" \/><\/a><\/p>\n<p>Tuvo su debut en Primera Divisi\u00f3n el 4 de diciembre de 2016 de la mano de Gabriel Milito, frente a River en un partido que Independiente gan\u00f3 1-0 en el Libertadores de Am\u00e9rica. Sus primeros partidos fueron como volante y luego se asent\u00f3 en el lateral derecho de la defensa. Ya cuenta con 152 encuentros en la instituci\u00f3n.<\/p>\n<h3>Diego Rodr\u00edguez<\/h3>\n<p><a href=\"https:\/\/www.locoxelrojo.com\/independiente\/2018\/09\/27\/ruso-rodriguez-volveria-como-hincha-como-jugador-es-una-etapa-cerrada\/diego-rodriguez-gol-river\/\" rel=\"attachment wp-att-79942\"><img loading=\"lazy\" class=\"alignnone size-full wp-image-79942\" src=\"https:\/\/locoxelrojo.com\/independiente\/wp-content\/uploads\/2018\/09\/diego-rodriguez-gol-river.jpg\" alt=\"\" width=\"860\" height=\"575\" srcset=\"https:\/\/locoxelrojo.com\/independiente\/wp-content\/uploads\/2018\/09\/diego-rodriguez-gol-river.jpg 860w, https:\/\/locoxelrojo.com\/independiente\/wp-content\/uploads\/2018\/09\/diego-rodriguez-gol-river-300x201.jpg 300w, https:\/\/locoxelrojo.com\/independiente\/wp-content\/uploads\/2018\/09\/diego-rodriguez-gol-river-768x513.jpg 768w, https:\/\/locoxelrojo.com\/independiente\/wp-content\/uploads\/2018\/09\/diego-rodriguez-gol-river-696x465.jpg 696w, https:\/\/locoxelrojo.com\/independiente\/wp-content\/uploads\/2018\/09\/diego-rodriguez-gol-river-628x420.jpg 628w, https:\/\/locoxelrojo.com\/independiente\/wp-content\/uploads\/2018\/09\/diego-rodriguez-gol-river-128x86.jpg 128w, https:\/\/locoxelrojo.com\/independiente\/wp-content\/uploads\/2018\/09\/diego-rodriguez-gol-river-32x21.jpg 32w\" sizes=\"(max-width: 860px) 100vw, 860px\" \/><\/a><\/p>\n<p>El Ruso jug\u00f3 su primer partido en un duelo muy pol\u00e9mico por la \u00faltima fecha del Clausura 2011. Antonio Mohamed puso al que en el momento era el cuarto arquero detr\u00e1s de Adri\u00e1n Gabbarini, Hilario Navarro y Fabi\u00e1n Assmann. El Globo se jugaba la permanencia y finalmente ese d\u00eda el Orgullo Nacional dio un festival: gan\u00f3 5-1. Estuvo a cargo del arco en 133 cotejos hasta que fue reemplazado por Mart\u00edn Campa\u00f1a.<\/p>\n<h3>Alan Franco<\/h3>\n<figure id=\"attachment_94205\" aria-describedby=\"caption-attachment-94205\" style=\"width: 696px\" class=\"wp-caption alignnone\"><a href=\"https:\/\/www.locoxelrojo.com\/independiente\/2021\/03\/14\/oferta-por-alan-franco\/alan-franco-gimnasia\/\" rel=\"attachment wp-att-94205\"><img loading=\"lazy\" class=\"size-large wp-image-94205\" src=\"https:\/\/locoxelrojo.com\/independiente\/wp-content\/uploads\/2021\/03\/alan-franco-gimnasia-e1615751229923-1024x650.jpeg\" alt=\"\" width=\"696\" height=\"442\" srcset=\"https:\/\/locoxelrojo.com\/independiente\/wp-content\/uploads\/2021\/03\/alan-franco-gimnasia-e1615751229923-1024x650.jpeg 1024w, https:\/\/locoxelrojo.com\/independiente\/wp-content\/uploads\/2021\/03\/alan-franco-gimnasia-e1615751229923-300x191.jpeg 300w, https:\/\/locoxelrojo.com\/independiente\/wp-content\/uploads\/2021\/03\/alan-franco-gimnasia-e1615751229923-768x488.jpeg 768w, https:\/\/locoxelrojo.com\/independiente\/wp-content\/uploads\/2021\/03\/alan-franco-gimnasia-e1615751229923-1536x976.jpeg 1536w, https:\/\/locoxelrojo.com\/independiente\/wp-content\/uploads\/2021\/03\/alan-franco-gimnasia-e1615751229923-696x442.jpeg 696w, https:\/\/locoxelrojo.com\/independiente\/wp-content\/uploads\/2021\/03\/alan-franco-gimnasia-e1615751229923-1068x678.jpeg 1068w, https:\/\/locoxelrojo.com\/independiente\/wp-content\/uploads\/2021\/03\/alan-franco-gimnasia-e1615751229923-661x420.jpeg 661w, https:\/\/locoxelrojo.com\/independiente\/wp-content\/uploads\/2021\/03\/alan-franco-gimnasia-e1615751229923-128x81.jpeg 128w, https:\/\/locoxelrojo.com\/independiente\/wp-content\/uploads\/2021\/03\/alan-franco-gimnasia-e1615751229923-32x20.jpeg 32w, https:\/\/locoxelrojo.com\/independiente\/wp-content\/uploads\/2021\/03\/alan-franco-gimnasia-e1615751229923.jpeg 1853w\" sizes=\"(max-width: 696px) 100vw, 696px\" \/><\/a><figcaption id=\"caption-attachment-94205\" class=\"wp-caption-text\">Club Atl\u00e9tico Independiente<\/figcaption><\/figure>\n<p>Lleg\u00f3 proveniente de San Telmo y fue la gran apuesta de Ariel Holan para la zaga central de la defensa. Su primer juego fue ante San Mart\u00edn de San Juan, en un 0-0 que abri\u00f3 la segunda etapa del torneo 2016\/2017. El defensor se afianz\u00f3 r\u00e1pidamente en el 11 titular, fue pieza clave en el Maracanazo ante Flamengo y alcanz\u00f3 los 128 encuentros. Fue vendido al Atlanta United en marzo de este a\u00f1o.<\/p>\n<h3>Nicol\u00e1s Figal<\/h3>\n<p><a href=\"https:\/\/www.locoxelrojo.com\/independiente\/2019\/12\/27\/los5-mejores-puntajes-rojos-de-2019\/nicolas-figal-festejo-gol\/\" rel=\"attachment wp-att-86236\"><img loading=\"lazy\" class=\"alignnone size-full wp-image-86236\" src=\"https:\/\/locoxelrojo.com\/independiente\/wp-content\/uploads\/2019\/12\/Nicolas-Figal-festejo-gol.jpg\" alt=\"\" width=\"760\" height=\"543\" srcset=\"https:\/\/locoxelrojo.com\/independiente\/wp-content\/uploads\/2019\/12\/Nicolas-Figal-festejo-gol.jpg 760w, https:\/\/locoxelrojo.com\/independiente\/wp-content\/uploads\/2019\/12\/Nicolas-Figal-festejo-gol-300x214.jpg 300w, https:\/\/locoxelrojo.com\/independiente\/wp-content\/uploads\/2019\/12\/Nicolas-Figal-festejo-gol-100x70.jpg 100w, https:\/\/locoxelrojo.com\/independiente\/wp-content\/uploads\/2019\/12\/Nicolas-Figal-festejo-gol-696x497.jpg 696w, https:\/\/locoxelrojo.com\/independiente\/wp-content\/uploads\/2019\/12\/Nicolas-Figal-festejo-gol-588x420.jpg 588w, https:\/\/locoxelrojo.com\/independiente\/wp-content\/uploads\/2019\/12\/Nicolas-Figal-festejo-gol-128x91.jpg 128w, https:\/\/locoxelrojo.com\/independiente\/wp-content\/uploads\/2019\/12\/Nicolas-Figal-festejo-gol-32x23.jpg 32w\" sizes=\"(max-width: 760px) 100vw, 760px\" \/><\/a><\/p>\n<p>Pas\u00f3 del anonimato a la fama durante los \u00faltimos a\u00f1os. Tuvo el desaf\u00edo de debutar con el Rey de Copas en el hist\u00f3rico partido desempate ante Hurac\u00e1n por el tan ansiado ascenso a Primera en 2014. Despu\u00e9s tuvo un paso a pr\u00e9stamo por Olimpo, hasta que en 2016 y con Gabriel Milito como t\u00e9cnico, logr\u00f3 la confianza que necesitaba. Luego se afianz\u00f3 con Ariel Holan. Antes de irse al Inter de Miami el a\u00f1o pasado, ya ten\u00eda 115 partidos con la camiseta roja.<\/p>\n","protected":false},"excerpt":{"rendered":"<p>A ra\u00edz del debut de Rodrigo M\u00e1rquez, en una nueva edici\u00f3n de Los 5 repasamos qui\u00e9nes fueron los \u00faltimos juveniles que superaron los 100 partidos en la Primera de Independiente. Mart\u00edn Ben\u00edtez El misionero fue el juvenil que m\u00e1s tiempo permaneci\u00f3 en el club de estos cinco. Con buenas y malas, Ben\u00edtez tuvo su estreno [&hellip;]<\/p>\n","protected":false},"author":101026,"featured_media":98076,"comment_status":"open","ping_status":"closed","sticky":false,"template":"","format":"standard","meta":{"_links_to":"","_links_to_target":""},"categories":[3422,3247],"tags":[3231,153,181,1027,3423,258,2625],"_links":{"self":[{"href":"https:\/\/www.locoxelrojo.com\/independiente\/wp-json\/wp\/v2\/posts\/98069"}],"collection":[{"href":"https:\/\/www.locoxelrojo.com\/independiente\/wp-json\/wp\/v2\/posts"}],"about":[{"href":"https:\/\/www.locoxelrojo.com\/independiente\/wp-json\/wp\/v2\/types\/post"}],"author":[{"embeddable":true,"href":"https:\/\/www.locoxelrojo.com\/independiente\/wp-json\/wp\/v2\/users\/101026"}],"replies":[{"embeddable":true,"href":"https:\/\/www.locoxelrojo.com\/independiente\/wp-json\/wp\/v2\/comments?post=98069"}],"version-history":[{"count":8,"href":"https:\/\/www.locoxelrojo.com\/independiente\/wp-json\/wp\/v2\/posts\/98069\/revisions"}],"predecessor-version":[{"id":98071,"href":"https:\/\/www.locoxelrojo.com\/independiente\/wp-json\/wp\/v2\/posts\/98069\/revisions\/98071"}],"wp:featuredmedia":[{"embeddable":true,"href":"https:\/\/www.locoxelrojo.com\/independiente\/wp-json\/wp\/v2\/media\/98076"}],"wp:attachment":[{"href":"https:\/\/www.locoxelrojo.com\/independiente\/wp-json\/wp\/v2\/media?parent=98069"}],"wp:term":[{"taxonomy":"category","embeddable":true,"href":"https:\/\/www.locoxelrojo.com\/independiente\/wp-json\/wp\/v2\/categories?post=98069"},{"taxonomy":"post_tag","embeddable":true,"href":"https:\/\/www.locoxelrojo.com\/independiente\/wp-json\/wp\/v2\/tags?post=98069"}],"curies":[{"name":"wp","href":"https:\/\/api.w.org\/{rel}","templated":true}]}}