{"id":98104,"date":"2021-07-21T10:49:44","date_gmt":"2021-07-21T13:49:44","guid":{"rendered":"https:\/\/www.locoxelrojo.com\/independiente\/?p=98104"},"modified":"2021-07-21T13:54:25","modified_gmt":"2021-07-21T16:54:25","slug":"por-ahora-sin-var","status":"publish","type":"post","link":"https:\/\/www.locoxelrojo.com\/independiente\/2021\/07\/21\/por-ahora-sin-var\/","title":{"rendered":"Por ahora, sin VAR"},"content":{"rendered":"<p>Si bien se especulaba que el sistema de <strong>\u00c1rbitro Asistente por V\u00eddeo<\/strong> se estrenar\u00eda durante este certamen, <strong>tendr\u00e1 que esperar un poco m\u00e1s<\/strong>. La postergaci\u00f3n se debe a varias cuestiones.<\/p>\n<p>Uno de los motivos es la falta de estructura edilicia en los estadios. Aunque se prob\u00f3 con \u00e9xito en el Libertadores de Am\u00e9rica hace dos semanas, <strong>no todos los escenarios tienen la misma tecnolog\u00eda necesaria para afrontar dicho sistema<\/strong>.<\/p>\n<p>La falta del instrumento durante las primeras fechas es otro impedimento, ya que a\u00fan cuando se implementara empezado el campeonato iba a haber <strong>una diferencia en los criterios arbitrales<\/strong>, es justamente lo que la Asociaci\u00f3n del F\u00fatbol Argentino quiere evitar.<\/p>\n<p>Adem\u00e1s, en la \u00faltima reuni\u00f3n de la Liga Profesional se habl\u00f3 sobre <strong>qui\u00e9n se har\u00eda cargo de los costos de la adquisici\u00f3n del mobiliario, la AFA o los clubes<\/strong>. Una aspecto que se seguir\u00e1 negociando en los pr\u00f3ximos meses.<\/p>\n<p>De esta manera, la implantaci\u00f3n de esta herramienta que sigue estando en el centro de las pol\u00e9micas, <strong>demorar\u00e1 su ingreso al f\u00fatbol local<\/strong>.<\/p>\n","protected":false},"excerpt":{"rendered":"<p>Si bien se especulaba que el sistema de \u00c1rbitro Asistente por V\u00eddeo se estrenar\u00eda durante este certamen, tendr\u00e1 que esperar un poco m\u00e1s. La postergaci\u00f3n se debe a varias cuestiones. Uno de los motivos es la falta de estructura edilicia en los estadios. Aunque se prob\u00f3 con \u00e9xito en el Libertadores de Am\u00e9rica hace dos [&hellip;]<\/p>\n","protected":false},"author":101026,"featured_media":98105,"comment_status":"open","ping_status":"closed","sticky":false,"template":"","format":"standard","meta":{"_links_to":"","_links_to_target":""},"categories":[3280,3247],"tags":[218,153,3792],"_links":{"self":[{"href":"https:\/\/www.locoxelrojo.com\/independiente\/wp-json\/wp\/v2\/posts\/98104"}],"collection":[{"href":"https:\/\/www.locoxelrojo.com\/independiente\/wp-json\/wp\/v2\/posts"}],"about":[{"href":"https:\/\/www.locoxelrojo.com\/independiente\/wp-json\/wp\/v2\/types\/post"}],"author":[{"embeddable":true,"href":"https:\/\/www.locoxelrojo.com\/independiente\/wp-json\/wp\/v2\/users\/101026"}],"replies":[{"embeddable":true,"href":"https:\/\/www.locoxelrojo.com\/independiente\/wp-json\/wp\/v2\/comments?post=98104"}],"version-history":[{"count":1,"href":"https:\/\/www.locoxelrojo.com\/independiente\/wp-json\/wp\/v2\/posts\/98104\/revisions"}],"predecessor-version":[{"id":98106,"href":"https:\/\/www.locoxelrojo.com\/independiente\/wp-json\/wp\/v2\/posts\/98104\/revisions\/98106"}],"wp:featuredmedia":[{"embeddable":true,"href":"https:\/\/www.locoxelrojo.com\/independiente\/wp-json\/wp\/v2\/media\/98105"}],"wp:attachment":[{"href":"https:\/\/www.locoxelrojo.com\/independiente\/wp-json\/wp\/v2\/media?parent=98104"}],"wp:term":[{"taxonomy":"category","embeddable":true,"href":"https:\/\/www.locoxelrojo.com\/independiente\/wp-json\/wp\/v2\/categories?post=98104"},{"taxonomy":"post_tag","embeddable":true,"href":"https:\/\/www.locoxelrojo.com\/independiente\/wp-json\/wp\/v2\/tags?post=98104"}],"curies":[{"name":"wp","href":"https:\/\/api.w.org\/{rel}","templated":true}]}}