{"id":9814,"date":"2011-07-29T21:05:09","date_gmt":"2011-07-30T00:05:09","guid":{"rendered":"http:\/\/www.locoxelrojo.com.ar\/independiente\/?p=9814"},"modified":"2011-07-30T03:36:40","modified_gmt":"2011-07-30T06:36:40","slug":"independiente-ya-esta-en-japon","status":"publish","type":"post","link":"https:\/\/www.locoxelrojo.com\/independiente\/2011\/07\/29\/independiente-ya-esta-en-japon\/","title":{"rendered":"Independiente ya est\u00e1 en Jap\u00f3n"},"content":{"rendered":"<p><a href=\"http:\/\/www.locoxelrojo.com.ar\/independiente\/wp-content\/uploads\/2011\/07\/fredes-japon.jpg\"><img loading=\"lazy\" class=\"alignnone size-full wp-image-9815\" title=\"fredes-japon\" src=\"http:\/\/www.locoxelrojo.com.ar\/independiente\/wp-content\/uploads\/2011\/07\/fredes-japon.jpg\" alt=\"\" width=\"590\" height=\"315\" srcset=\"https:\/\/locoxelrojo.com\/independiente\/wp-content\/uploads\/2011\/07\/fredes-japon.jpg 590w, https:\/\/locoxelrojo.com\/independiente\/wp-content\/uploads\/2011\/07\/fredes-japon-300x160.jpg 300w\" sizes=\"(max-width: 590px) 100vw, 590px\" \/><\/a><\/p>\n<p>Independiente ya lleg\u00f3 a Jap\u00f3n. El plantel sali\u00f3 en un vuelo desde Los \u00c1ngeles hasta Tokio y de ah\u00ed un micro que lo llev\u00f3 hasta Shizuoka, ciudad donde se jugar\u00e1 la Copa Suruga Bank el mi\u00e9rcoles 3 de agosto frente al Jubilo Iwata.<\/p>\n<p>El viaje dur\u00f3 aproximadamente entre micro y avi\u00f3n unas 19 horas. En el aeropuerto fueron recibidos por varios fan\u00e1ticos japoneses que se acercaron en busca de alguna foto o un aut\u00f3grafo. El plantel ya se encuentra alojado en el hotel Grand Kakegawa.<\/p>\n<p>El viernes el Rojo har\u00e1 su primera pr\u00e1ctica en Jap\u00f3n en donde Antonio Mohamed empezar\u00e1 a delinear el equipo. El ideal ya lo tiene en mente, hay que ver si todos llegan en \u00f3ptimas condiciones despu\u00e9s de tantos viajes y tan poco descanso. El planteo previo va a ser importante ya que durante los 90 minutos se podr\u00e1n realizar 7 variantes.<\/p>\n<p>Independiente ya est\u00e1 transitando el camino que lo llevar\u00e1 hacia el primer objetivo del semestre: buscar el t\u00edtulo internacional n\u00famero 17.<\/p>\n<p><em><span style=\"color: #888888;\">Foto: D\u00e9bora D&#8217;Amato Viola<\/span><\/em><\/p>\n","protected":false},"excerpt":{"rendered":"<p>Independiente ya lleg\u00f3 a Jap\u00f3n. El plantel sali\u00f3 en un vuelo desde Los \u00c1ngeles hasta Tokio y de ah\u00ed un micro que lo llev\u00f3 hasta Shizuoka, ciudad donde se jugar\u00e1 la Copa Suruga Bank el mi\u00e9rcoles 3 de agosto frente al Jubilo Iwata. El viaje dur\u00f3 aproximadamente entre micro y avi\u00f3n unas 19 horas. En [&hellip;]<\/p>\n","protected":false},"author":1,"featured_media":0,"comment_status":"open","ping_status":"open","sticky":false,"template":"","format":"standard","meta":{"_links_to":"","_links_to_target":""},"categories":[355,3,1],"tags":[153,3271,358,934,943],"_links":{"self":[{"href":"https:\/\/www.locoxelrojo.com\/independiente\/wp-json\/wp\/v2\/posts\/9814"}],"collection":[{"href":"https:\/\/www.locoxelrojo.com\/independiente\/wp-json\/wp\/v2\/posts"}],"about":[{"href":"https:\/\/www.locoxelrojo.com\/independiente\/wp-json\/wp\/v2\/types\/post"}],"author":[{"embeddable":true,"href":"https:\/\/www.locoxelrojo.com\/independiente\/wp-json\/wp\/v2\/users\/1"}],"replies":[{"embeddable":true,"href":"https:\/\/www.locoxelrojo.com\/independiente\/wp-json\/wp\/v2\/comments?post=9814"}],"version-history":[{"count":0,"href":"https:\/\/www.locoxelrojo.com\/independiente\/wp-json\/wp\/v2\/posts\/9814\/revisions"}],"wp:attachment":[{"href":"https:\/\/www.locoxelrojo.com\/independiente\/wp-json\/wp\/v2\/media?parent=9814"}],"wp:term":[{"taxonomy":"category","embeddable":true,"href":"https:\/\/www.locoxelrojo.com\/independiente\/wp-json\/wp\/v2\/categories?post=9814"},{"taxonomy":"post_tag","embeddable":true,"href":"https:\/\/www.locoxelrojo.com\/independiente\/wp-json\/wp\/v2\/tags?post=9814"}],"curies":[{"name":"wp","href":"https:\/\/api.w.org\/{rel}","templated":true}]}}