{"id":98146,"date":"2021-07-22T20:15:19","date_gmt":"2021-07-22T23:15:19","guid":{"rendered":"https:\/\/www.locoxelrojo.com\/independiente\/?p=98146"},"modified":"2021-07-22T22:46:29","modified_gmt":"2021-07-23T01:46:29","slug":"termino-con-nueve","status":"publish","type":"post","link":"https:\/\/www.locoxelrojo.com\/independiente\/2021\/07\/22\/termino-con-nueve\/","title":{"rendered":"Termin\u00f3 con nueve"},"content":{"rendered":"<p><strong>Sergio Barreto sali\u00f3 expulsado a los 52 minutos del segundo tiempo en la eliminaci\u00f3n de Independiente frente a Santos. M\u00e1s all\u00e1 de la doble amonestaci\u00f3n, el zaguero central tuvo un buen partido en l\u00edneas generales.<\/strong><\/p>\n<p>El defensor <strong>hab\u00eda hecho una fuerte entrada a destiempo en la primera etapa<\/strong>, aunque luego salv\u00f3 una pelota en la l\u00ednea que era el 0-2.<\/p>\n<blockquote class=\"twitter-tweet\" data-width=\"550\" data-dnt=\"true\">\n<p lang=\"es\" dir=\"ltr\">Ya en el final Barreto se fue expulsado \ud83d\udd34 por doble amonestaci\u00f3n y el Rojo terminaba el partido con nueve. Por un choque de cabezas, d\u00f3nde ambos van a disputar la pelota&#8230; Si, por esto lo expuls\u00f3. <a href=\"https:\/\/twitter.com\/hashtag\/Sudamericana?src=hash&amp;ref_src=twsrc%5Etfw\">#Sudamericana<\/a> <a href=\"https:\/\/twitter.com\/hashtag\/Independiente?src=hash&amp;ref_src=twsrc%5Etfw\">#Independiente<\/a> <a href=\"https:\/\/twitter.com\/hashtag\/Santos?src=hash&amp;ref_src=twsrc%5Etfw\">#Santos<\/a> <a href=\"https:\/\/t.co\/hv6emBKEWm\">pic.twitter.com\/hv6emBKEWm<\/a><\/p>\n<p>&mdash; Sin reglamento (@SReglamento) <a href=\"https:\/\/twitter.com\/SReglamento\/status\/1418370015645011974?ref_src=twsrc%5Etfw\">July 23, 2021<\/a><\/p><\/blockquote>\n<p><script async src=\"https:\/\/platform.twitter.com\/widgets.js\" charset=\"utf-8\"><\/script><\/p>\n<p>Sobre el final y luego de un pelotazo de Santos a terreno del Rey de Copas, <strong>Checho salt\u00f3 y se llev\u00f3 puesto al delantero rival<\/strong> que qued\u00f3 sentido. Si bien fue un choque que pareci\u00f3 involuntario, el \u00e1rbitro Diego Haro decidi\u00f3 que era para amonestaci\u00f3n y en consecuencia, lo expuls\u00f3. Una pena porque el encuentro estaba casi consumado.<\/p>\n","protected":false},"excerpt":{"rendered":"<p>Sergio Barreto sali\u00f3 expulsado a los 52 minutos del segundo tiempo en la eliminaci\u00f3n de Independiente frente a Santos. M\u00e1s all\u00e1 de la doble amonestaci\u00f3n, el zaguero central tuvo un buen partido en l\u00edneas generales. El defensor hab\u00eda hecho una fuerte entrada a destiempo en la primera etapa, aunque luego salv\u00f3 una pelota en la [&hellip;]<\/p>\n","protected":false},"author":101026,"featured_media":98148,"comment_status":"open","ping_status":"closed","sticky":false,"template":"","format":"standard","meta":{"_links_to":"","_links_to_target":""},"categories":[7,3247],"tags":[153,4555,1616,3696],"_links":{"self":[{"href":"https:\/\/www.locoxelrojo.com\/independiente\/wp-json\/wp\/v2\/posts\/98146"}],"collection":[{"href":"https:\/\/www.locoxelrojo.com\/independiente\/wp-json\/wp\/v2\/posts"}],"about":[{"href":"https:\/\/www.locoxelrojo.com\/independiente\/wp-json\/wp\/v2\/types\/post"}],"author":[{"embeddable":true,"href":"https:\/\/www.locoxelrojo.com\/independiente\/wp-json\/wp\/v2\/users\/101026"}],"replies":[{"embeddable":true,"href":"https:\/\/www.locoxelrojo.com\/independiente\/wp-json\/wp\/v2\/comments?post=98146"}],"version-history":[{"count":3,"href":"https:\/\/www.locoxelrojo.com\/independiente\/wp-json\/wp\/v2\/posts\/98146\/revisions"}],"predecessor-version":[{"id":98150,"href":"https:\/\/www.locoxelrojo.com\/independiente\/wp-json\/wp\/v2\/posts\/98146\/revisions\/98150"}],"wp:featuredmedia":[{"embeddable":true,"href":"https:\/\/www.locoxelrojo.com\/independiente\/wp-json\/wp\/v2\/media\/98148"}],"wp:attachment":[{"href":"https:\/\/www.locoxelrojo.com\/independiente\/wp-json\/wp\/v2\/media?parent=98146"}],"wp:term":[{"taxonomy":"category","embeddable":true,"href":"https:\/\/www.locoxelrojo.com\/independiente\/wp-json\/wp\/v2\/categories?post=98146"},{"taxonomy":"post_tag","embeddable":true,"href":"https:\/\/www.locoxelrojo.com\/independiente\/wp-json\/wp\/v2\/tags?post=98146"}],"curies":[{"name":"wp","href":"https:\/\/api.w.org\/{rel}","templated":true}]}}