{"id":98289,"date":"2021-07-26T17:45:25","date_gmt":"2021-07-26T20:45:25","guid":{"rendered":"https:\/\/www.locoxelrojo.com\/independiente\/?p=98289"},"modified":"2021-07-26T19:12:45","modified_gmt":"2021-07-26T22:12:45","slug":"dos-ex-rojos-la-rompieron-en-venezuela","status":"publish","type":"post","link":"https:\/\/www.locoxelrojo.com\/independiente\/2021\/07\/26\/dos-ex-rojos-la-rompieron-en-venezuela\/","title":{"rendered":"Dos ex Rojos la rompieron en Venezuela"},"content":{"rendered":"<p><strong>\u00bfTe acord\u00e1s de ellos? Samuel C\u00e1ceres y Adri\u00e1n Fern\u00e1ndez<\/strong>, dos ex Independiente, <strong>fueron part\u00edcipes de la goleada de Portuguesa ante Zamora en la liga venezolana.<\/strong><\/p>\n<p><strong>El defensor marc\u00f3 los dos primeros goles para su equipo<\/strong>, el primero de cabeza y el segundo mediante un tiro libre frontal con un fuerte remate y con ayuda de la barrera que se corri\u00f3 justo cuando pas\u00f3 la pelota. As\u00ed, <strong>el zaguero que estuvo en el Rojo en el ascenso anot\u00f3 luego de 9 partidos en Venezuela.<\/strong><\/p>\n<p>Por su parte,<strong> el delantero de 28 a\u00f1os que debut\u00f3 en 2013 de la mano de Am\u00e9rico Gallego y marc\u00f3 5 goles en 23 cotejos en el Rey de Copas<\/strong>, anot\u00f3 el cuarto gol de su equipo en el triunfo 4-1 como visitante. <strong>Ya lleva anotado 8 tantos en 13 partidos en Portuguesa.<\/strong><\/p>\n<p>As\u00ed, <strong>el equipo de los paraguayos ocupa la primera posici\u00f3n en la tabla<\/strong> occidental de la primera fase del certamen dom\u00e9stico con <strong>26 unidades producto de 8 victorias, 2 empates y 3 derrotas en los 13 encuentros disputados.<\/strong><\/p>\n<p><iframe loading=\"lazy\" title=\"YouTube video player\" src=\"https:\/\/www.youtube.com\/embed\/uvyxJTWX8jo?start=493\" width=\"560\" height=\"315\" frameborder=\"0\" allowfullscreen=\"allowfullscreen\"><\/iframe><\/p>\n","protected":false},"excerpt":{"rendered":"<p>\u00bfTe acord\u00e1s de ellos? Samuel C\u00e1ceres y Adri\u00e1n Fern\u00e1ndez, dos ex Independiente, fueron part\u00edcipes de la goleada de Portuguesa ante Zamora en la liga venezolana. El defensor marc\u00f3 los dos primeros goles para su equipo, el primero de cabeza y el segundo mediante un tiro libre frontal con un fuerte remate y con ayuda de [&hellip;]<\/p>\n","protected":false},"author":101024,"featured_media":98290,"comment_status":"open","ping_status":"closed","sticky":false,"template":"","format":"standard","meta":{"_links_to":"","_links_to_target":""},"categories":[2043,3247],"tags":[1489,153,4957,3277,192,524,4958],"_links":{"self":[{"href":"https:\/\/www.locoxelrojo.com\/independiente\/wp-json\/wp\/v2\/posts\/98289"}],"collection":[{"href":"https:\/\/www.locoxelrojo.com\/independiente\/wp-json\/wp\/v2\/posts"}],"about":[{"href":"https:\/\/www.locoxelrojo.com\/independiente\/wp-json\/wp\/v2\/types\/post"}],"author":[{"embeddable":true,"href":"https:\/\/www.locoxelrojo.com\/independiente\/wp-json\/wp\/v2\/users\/101024"}],"replies":[{"embeddable":true,"href":"https:\/\/www.locoxelrojo.com\/independiente\/wp-json\/wp\/v2\/comments?post=98289"}],"version-history":[{"count":1,"href":"https:\/\/www.locoxelrojo.com\/independiente\/wp-json\/wp\/v2\/posts\/98289\/revisions"}],"predecessor-version":[{"id":98291,"href":"https:\/\/www.locoxelrojo.com\/independiente\/wp-json\/wp\/v2\/posts\/98289\/revisions\/98291"}],"wp:featuredmedia":[{"embeddable":true,"href":"https:\/\/www.locoxelrojo.com\/independiente\/wp-json\/wp\/v2\/media\/98290"}],"wp:attachment":[{"href":"https:\/\/www.locoxelrojo.com\/independiente\/wp-json\/wp\/v2\/media?parent=98289"}],"wp:term":[{"taxonomy":"category","embeddable":true,"href":"https:\/\/www.locoxelrojo.com\/independiente\/wp-json\/wp\/v2\/categories?post=98289"},{"taxonomy":"post_tag","embeddable":true,"href":"https:\/\/www.locoxelrojo.com\/independiente\/wp-json\/wp\/v2\/tags?post=98289"}],"curies":[{"name":"wp","href":"https:\/\/api.w.org\/{rel}","templated":true}]}}