{"id":98293,"date":"2021-07-26T18:28:50","date_gmt":"2021-07-26T21:28:50","guid":{"rendered":"https:\/\/www.locoxelrojo.com\/independiente\/?p=98293"},"modified":"2021-07-26T22:47:05","modified_gmt":"2021-07-27T01:47:05","slug":"no-se-pudo-ir-y-decidio-quedarse","status":"publish","type":"post","link":"https:\/\/www.locoxelrojo.com\/independiente\/2021\/07\/26\/no-se-pudo-ir-y-decidio-quedarse\/","title":{"rendered":"No se pudo ir y decidi\u00f3 quedarse"},"content":{"rendered":"<p><strong>Al no poder arreglar su transferencia a otro club, Francisco Pizzini se puso a disposici\u00f3n del cuerpo t\u00e9cnico de Independiente. \u00bfLo tendr\u00e1n en cuenta?<\/strong><\/p>\n<p>Hab\u00eda vuelto pero se sab\u00eda que estaba de paso. \u00c9l mismo dijo que no quer\u00eda quedarse en el Rojo porque su ciclo estaba cumplido. Los dirigentes hab\u00edan empezado a buscarle salida y todo parec\u00eda indicar que su futuro estar\u00eda en Lecce o V\u00e9lez. Pero nada de eso ocurri\u00f3.<\/p>\n<p>Todo qued\u00f3 en simples sondeos. Ning\u00fan club termin\u00f3 de acomodar sus n\u00fameros para contratar al delantero y ahora la situaci\u00f3n dio un giro de 180 grados. Consciente de que no podr\u00e1 irse a otro equipo como \u00e9l quer\u00eda,<strong> Pizzini charl\u00f3 con el cuerpo t\u00e9cnico y decidi\u00f3 quedarse en Independiente<\/strong>.<\/p>\n<p>Julio C\u00e9sar Falcioni pensaba contar con \u00e9l cuando empez\u00f3 la pretemporada, pero respet\u00f3 la decisi\u00f3n del jugador de no querer quedarse. Habr\u00e1 que ver qu\u00e9 pasa ahora. Est\u00e1 claro que en todo este tiempo <strong>Pizzini perdi\u00f3 bastante terreno en la consideraci\u00f3n del t\u00e9cnico, que no pudo incluirlo en ning\u00fan ensayo de f\u00fatbol<\/strong>.<\/p>\n<p>La \u00faltima palabra ser\u00e1 de Falcioni. \u00bfLe dar\u00e1 lugar para recuperar la mejor versi\u00f3n que mostr\u00f3 en Defensa y Justicia? \u00bfLo marginar\u00e1 un tiempo m\u00e1s? Respuestas que s\u00f3lo sabe el Emperador.<\/p>\n","protected":false},"excerpt":{"rendered":"<p>Al no poder arreglar su transferencia a otro club, Francisco Pizzini se puso a disposici\u00f3n del cuerpo t\u00e9cnico de Independiente. \u00bfLo tendr\u00e1n en cuenta? Hab\u00eda vuelto pero se sab\u00eda que estaba de paso. \u00c9l mismo dijo que no quer\u00eda quedarse en el Rojo porque su ciclo estaba cumplido. Los dirigentes hab\u00edan empezado a buscarle salida [&hellip;]<\/p>\n","protected":false},"author":8,"featured_media":86488,"comment_status":"open","ping_status":"closed","sticky":false,"template":"","format":"standard","meta":{"_links_to":"","_links_to_target":""},"categories":[3280,3247],"tags":[153,834],"_links":{"self":[{"href":"https:\/\/www.locoxelrojo.com\/independiente\/wp-json\/wp\/v2\/posts\/98293"}],"collection":[{"href":"https:\/\/www.locoxelrojo.com\/independiente\/wp-json\/wp\/v2\/posts"}],"about":[{"href":"https:\/\/www.locoxelrojo.com\/independiente\/wp-json\/wp\/v2\/types\/post"}],"author":[{"embeddable":true,"href":"https:\/\/www.locoxelrojo.com\/independiente\/wp-json\/wp\/v2\/users\/8"}],"replies":[{"embeddable":true,"href":"https:\/\/www.locoxelrojo.com\/independiente\/wp-json\/wp\/v2\/comments?post=98293"}],"version-history":[{"count":2,"href":"https:\/\/www.locoxelrojo.com\/independiente\/wp-json\/wp\/v2\/posts\/98293\/revisions"}],"predecessor-version":[{"id":98295,"href":"https:\/\/www.locoxelrojo.com\/independiente\/wp-json\/wp\/v2\/posts\/98293\/revisions\/98295"}],"wp:featuredmedia":[{"embeddable":true,"href":"https:\/\/www.locoxelrojo.com\/independiente\/wp-json\/wp\/v2\/media\/86488"}],"wp:attachment":[{"href":"https:\/\/www.locoxelrojo.com\/independiente\/wp-json\/wp\/v2\/media?parent=98293"}],"wp:term":[{"taxonomy":"category","embeddable":true,"href":"https:\/\/www.locoxelrojo.com\/independiente\/wp-json\/wp\/v2\/categories?post=98293"},{"taxonomy":"post_tag","embeddable":true,"href":"https:\/\/www.locoxelrojo.com\/independiente\/wp-json\/wp\/v2\/tags?post=98293"}],"curies":[{"name":"wp","href":"https:\/\/api.w.org\/{rel}","templated":true}]}}