{"id":98383,"date":"2021-07-29T14:36:25","date_gmt":"2021-07-29T17:36:25","guid":{"rendered":"https:\/\/www.locoxelrojo.com\/independiente\/?p=98383"},"modified":"2021-07-29T14:38:28","modified_gmt":"2021-07-29T17:38:28","slug":"confirmado-el-duelo-ante-tigre-por-copa-argentina","status":"publish","type":"post","link":"https:\/\/www.locoxelrojo.com\/independiente\/2021\/07\/29\/confirmado-el-duelo-ante-tigre-por-copa-argentina\/","title":{"rendered":"Confirmado el duelo ante Tigre por Copa Argentina"},"content":{"rendered":"<p>Desde la organizaci\u00f3n de la Copa Argentina confirmaron el<strong> d\u00eda, hora y sede para el partido entre Independiente y Tigre por los 16avos. de final del certamen.<\/strong><\/p>\n<p><strong>El Rojo se enfrentar\u00e1 al Matador el mi\u00e9rcoles 4 de agosto a las 16hs en el estadio de San Nicol\u00e1s<\/strong>, inaugurado a fines de 2019 con capacidad para 25.000 espectadores. Finalmente el duelo que si vino postergando a causa del COVID-19 tiene fecha designada.<\/p>\n<p>Cabe recordar que el duelo ser\u00e1 <strong>4 d\u00edas antes del cl\u00e1sico contra Racing<\/strong>, el domingo 8 de agosto a las 20:15hs en el Libertadores de Am\u00e9rica. <strong>\u00bfPondr\u00e1 titulares Julio C\u00e9sar Falcioni? En la siguiente instancia de la copa dom\u00e9stica espera Defensa y Justicia.<\/strong><\/p>\n","protected":false},"excerpt":{"rendered":"<p>Desde la organizaci\u00f3n de la Copa Argentina confirmaron el d\u00eda, hora y sede para el partido entre Independiente y Tigre por los 16avos. de final del certamen. El Rojo se enfrentar\u00e1 al Matador el mi\u00e9rcoles 4 de agosto a las 16hs en el estadio de San Nicol\u00e1s, inaugurado a fines de 2019 con capacidad para [&hellip;]<\/p>\n","protected":false},"author":101017,"featured_media":98384,"comment_status":"open","ping_status":"closed","sticky":false,"template":"","format":"standard","meta":{"_links_to":"","_links_to_target":""},"categories":[800,3247],"tags":[3684,153,3273,4960,309],"_links":{"self":[{"href":"https:\/\/www.locoxelrojo.com\/independiente\/wp-json\/wp\/v2\/posts\/98383"}],"collection":[{"href":"https:\/\/www.locoxelrojo.com\/independiente\/wp-json\/wp\/v2\/posts"}],"about":[{"href":"https:\/\/www.locoxelrojo.com\/independiente\/wp-json\/wp\/v2\/types\/post"}],"author":[{"embeddable":true,"href":"https:\/\/www.locoxelrojo.com\/independiente\/wp-json\/wp\/v2\/users\/101017"}],"replies":[{"embeddable":true,"href":"https:\/\/www.locoxelrojo.com\/independiente\/wp-json\/wp\/v2\/comments?post=98383"}],"version-history":[{"count":2,"href":"https:\/\/www.locoxelrojo.com\/independiente\/wp-json\/wp\/v2\/posts\/98383\/revisions"}],"predecessor-version":[{"id":98386,"href":"https:\/\/www.locoxelrojo.com\/independiente\/wp-json\/wp\/v2\/posts\/98383\/revisions\/98386"}],"wp:featuredmedia":[{"embeddable":true,"href":"https:\/\/www.locoxelrojo.com\/independiente\/wp-json\/wp\/v2\/media\/98384"}],"wp:attachment":[{"href":"https:\/\/www.locoxelrojo.com\/independiente\/wp-json\/wp\/v2\/media?parent=98383"}],"wp:term":[{"taxonomy":"category","embeddable":true,"href":"https:\/\/www.locoxelrojo.com\/independiente\/wp-json\/wp\/v2\/categories?post=98383"},{"taxonomy":"post_tag","embeddable":true,"href":"https:\/\/www.locoxelrojo.com\/independiente\/wp-json\/wp\/v2\/tags?post=98383"}],"curies":[{"name":"wp","href":"https:\/\/api.w.org\/{rel}","templated":true}]}}