{"id":98420,"date":"2021-07-30T13:45:11","date_gmt":"2021-07-30T16:45:11","guid":{"rendered":"https:\/\/www.locoxelrojo.com\/independiente\/?p=98420"},"modified":"2021-07-30T22:33:56","modified_gmt":"2021-07-31T01:33:56","slug":"concentrados-vs-platense-se-suma-un-juvenil-y-laso-sigue-afuera","status":"publish","type":"post","link":"https:\/\/www.locoxelrojo.com\/independiente\/2021\/07\/30\/concentrados-vs-platense-se-suma-un-juvenil-y-laso-sigue-afuera\/","title":{"rendered":"Concentrados vs. Platense: se suma un juvenil y Laso sigue afuera"},"content":{"rendered":"<p><strong>Julio C\u00e9sar Falcioni convoc\u00f3 a 25 jugadores para el partido contra Platense por la 4\u00aa fecha de la Liga Profesional. Joaqu\u00edn Laso sigue afuera.<\/strong><\/p>\n<p>La \u00fanica novedad respecto de la n\u00f3mina anterior es <strong>la citaci\u00f3n del juvenil Juan Rom\u00e1n Zarza<\/strong>, quien ya hab\u00eda sido convocado en otras oportunidades y se sumar\u00e1 para reforzar el mediocampo en Vicente L\u00f3pez.<\/p>\n<p>Lo que no es novedad es la ausencia de Laso. <strong>El \u00fanico refuerzo que trajo Independiente no podr\u00e1 estar por sexta vez consecutiva<\/strong> debido a que el club todav\u00eda no levant\u00f3 las inhibiciones en FIFA. Ya se perdi\u00f3 los dos partidos de la Copa Sudamericana y ser\u00e1n cuatro sin jugar en el torneo local.<\/p>\n<h4>Los 25 para visitar a Platense<\/h4>\n<p><strong><span style=\"text-decoration: underline;\">Arqueros:<\/span><\/strong> Sebasti\u00e1n Sosa y Milton \u00c1lvarez.<\/p>\n<p><strong><span style=\"text-decoration: underline;\">Defensores:<\/span><\/strong> Thomas Ortega, Gonzalo As\u00eds, Lucas Rodr\u00edguez, Fabricio Bustos, Sergio Barreto, Patricio Ostachuk, Ayrton Costa y Juan Insaurralde.<\/p>\n<p><strong><span style=\"text-decoration: underline;\">Mediocampistas:<\/span><\/strong> Andr\u00e9s Roa, Lucas Gonz\u00e1lez, Alan So\u00f1ora, Gast\u00f3n Togni, Domingo Blanco, Juan Zarza, Juan Pacchini, Lucas Romero y Tom\u00e1s Pozzo.<\/p>\n<p><strong><span style=\"text-decoration: underline;\">Delanteros:<\/span><\/strong> Jonathan Herrera, Alan Velasco, Silvio Romero, Rodrigo M\u00e1rquez, Braian Mart\u00ednez y Sebasti\u00e1n Palacios.<\/p>\n","protected":false},"excerpt":{"rendered":"<p>Julio C\u00e9sar Falcioni convoc\u00f3 a 25 jugadores para el partido contra Platense por la 4\u00aa fecha de la Liga Profesional. Joaqu\u00edn Laso sigue afuera. La \u00fanica novedad respecto de la n\u00f3mina anterior es la citaci\u00f3n del juvenil Juan Rom\u00e1n Zarza, quien ya hab\u00eda sido convocado en otras oportunidades y se sumar\u00e1 para reforzar el mediocampo [&hellip;]<\/p>\n","protected":false},"author":8,"featured_media":98423,"comment_status":"open","ping_status":"closed","sticky":false,"template":"","format":"standard","meta":{"_links_to":"","_links_to_target":""},"categories":[3247,3],"tags":[153,2024,4923,4246],"_links":{"self":[{"href":"https:\/\/www.locoxelrojo.com\/independiente\/wp-json\/wp\/v2\/posts\/98420"}],"collection":[{"href":"https:\/\/www.locoxelrojo.com\/independiente\/wp-json\/wp\/v2\/posts"}],"about":[{"href":"https:\/\/www.locoxelrojo.com\/independiente\/wp-json\/wp\/v2\/types\/post"}],"author":[{"embeddable":true,"href":"https:\/\/www.locoxelrojo.com\/independiente\/wp-json\/wp\/v2\/users\/8"}],"replies":[{"embeddable":true,"href":"https:\/\/www.locoxelrojo.com\/independiente\/wp-json\/wp\/v2\/comments?post=98420"}],"version-history":[{"count":3,"href":"https:\/\/www.locoxelrojo.com\/independiente\/wp-json\/wp\/v2\/posts\/98420\/revisions"}],"predecessor-version":[{"id":98424,"href":"https:\/\/www.locoxelrojo.com\/independiente\/wp-json\/wp\/v2\/posts\/98420\/revisions\/98424"}],"wp:featuredmedia":[{"embeddable":true,"href":"https:\/\/www.locoxelrojo.com\/independiente\/wp-json\/wp\/v2\/media\/98423"}],"wp:attachment":[{"href":"https:\/\/www.locoxelrojo.com\/independiente\/wp-json\/wp\/v2\/media?parent=98420"}],"wp:term":[{"taxonomy":"category","embeddable":true,"href":"https:\/\/www.locoxelrojo.com\/independiente\/wp-json\/wp\/v2\/categories?post=98420"},{"taxonomy":"post_tag","embeddable":true,"href":"https:\/\/www.locoxelrojo.com\/independiente\/wp-json\/wp\/v2\/tags?post=98420"}],"curies":[{"name":"wp","href":"https:\/\/api.w.org\/{rel}","templated":true}]}}