{"id":98474,"date":"2021-07-31T18:32:30","date_gmt":"2021-07-31T21:32:30","guid":{"rendered":"https:\/\/www.locoxelrojo.com\/independiente\/?p=98474"},"modified":"2021-07-31T18:33:51","modified_gmt":"2021-07-31T21:33:51","slug":"se-pusieron-al-dia-en-parana","status":"publish","type":"post","link":"https:\/\/www.locoxelrojo.com\/independiente\/2021\/07\/31\/se-pusieron-al-dia-en-parana\/","title":{"rendered":"Se pusieron al d\u00eda en Paran\u00e1"},"content":{"rendered":"<p>Intentando regresar a la normalidad, este s\u00e1bado por la ma\u00f1ana el Torneo de Inferiores se puso al d\u00eda con las fechas que hab\u00edan quedado suspendidas. Es por eso que <strong>las categor\u00edas m\u00e1s grandes de Independiente disputaron su juego postergado ante Patronato<\/strong>.<\/p>\n<p>La ma\u00f1ana en La Capillita comenz\u00f3 de la mejor manera para el Rojo, que logr\u00f3 llevarse los tres puntos luego de que <strong>la Cuarta derrotara al Patr\u00f3n 3-0 con los goles de Sergio Ort\u00edz, Juan Cruz Martins y Antonio Erburu<\/strong> de cabeza.<\/p>\n<p><strong>La p\u00e1lida de la jornada lleg\u00f3 de la mano de los chicos de la Quinta<\/strong> que, a pesar de haber arrancado arriba tras el tanto de <strong>Diego Tarzia<\/strong>, los locales supieron darlo vuelta y ya en la primera parte lo ganaban por 3-1. Antes del cierre del primer tiempo, <strong>Maxi Santa Cruz<\/strong> vio la roja y en el complemento, <strong>los de Paran\u00e1 lo liquidaron por 4-1<\/strong>.<\/p>\n<p>En el cierre del d\u00eda, <strong>la Sexta rescat\u00f3 una unidad luego de haber igualado en dos ante sus pares con los gritos de Thiago Ben\u00edtez Machuca, de tiro libre, y Gianluca Cangiano<\/strong>.<\/p>\n<p>En la quinta jornada, <strong>Independiente se medir\u00e1 ante Sarmiento<\/strong>, donde las categor\u00edas m\u00e1s grandes ser\u00e1n locales en el predio de Villa Dom\u00ednico; mientras que los m\u00e1s chicos tendr\u00e1n que viajar a Jun\u00edn.<\/p>\n","protected":false},"excerpt":{"rendered":"<p>Intentando regresar a la normalidad, este s\u00e1bado por la ma\u00f1ana el Torneo de Inferiores se puso al d\u00eda con las fechas que hab\u00edan quedado suspendidas. Es por eso que las categor\u00edas m\u00e1s grandes de Independiente disputaron su juego postergado ante Patronato. La ma\u00f1ana en La Capillita comenz\u00f3 de la mejor manera para el Rojo, que [&hellip;]<\/p>\n","protected":false},"author":101019,"featured_media":98476,"comment_status":"open","ping_status":"closed","sticky":false,"template":"","format":"standard","meta":{"_links_to":"","_links_to_target":""},"categories":[3247,5],"tags":[4966,153,4964,4963,3265,4965,4162,4582,4217],"_links":{"self":[{"href":"https:\/\/www.locoxelrojo.com\/independiente\/wp-json\/wp\/v2\/posts\/98474"}],"collection":[{"href":"https:\/\/www.locoxelrojo.com\/independiente\/wp-json\/wp\/v2\/posts"}],"about":[{"href":"https:\/\/www.locoxelrojo.com\/independiente\/wp-json\/wp\/v2\/types\/post"}],"author":[{"embeddable":true,"href":"https:\/\/www.locoxelrojo.com\/independiente\/wp-json\/wp\/v2\/users\/101019"}],"replies":[{"embeddable":true,"href":"https:\/\/www.locoxelrojo.com\/independiente\/wp-json\/wp\/v2\/comments?post=98474"}],"version-history":[{"count":2,"href":"https:\/\/www.locoxelrojo.com\/independiente\/wp-json\/wp\/v2\/posts\/98474\/revisions"}],"predecessor-version":[{"id":98477,"href":"https:\/\/www.locoxelrojo.com\/independiente\/wp-json\/wp\/v2\/posts\/98474\/revisions\/98477"}],"wp:featuredmedia":[{"embeddable":true,"href":"https:\/\/www.locoxelrojo.com\/independiente\/wp-json\/wp\/v2\/media\/98476"}],"wp:attachment":[{"href":"https:\/\/www.locoxelrojo.com\/independiente\/wp-json\/wp\/v2\/media?parent=98474"}],"wp:term":[{"taxonomy":"category","embeddable":true,"href":"https:\/\/www.locoxelrojo.com\/independiente\/wp-json\/wp\/v2\/categories?post=98474"},{"taxonomy":"post_tag","embeddable":true,"href":"https:\/\/www.locoxelrojo.com\/independiente\/wp-json\/wp\/v2\/tags?post=98474"}],"curies":[{"name":"wp","href":"https:\/\/api.w.org\/{rel}","templated":true}]}}