{"id":98507,"date":"2021-07-31T22:10:57","date_gmt":"2021-08-01T01:10:57","guid":{"rendered":"https:\/\/www.locoxelrojo.com\/independiente\/?p=98507"},"modified":"2021-07-31T23:52:28","modified_gmt":"2021-08-01T02:52:28","slug":"falcioni-durisimo-contra-el-arbitraje-y-con-la-guardia-alta-antes-del-clasico","status":"publish","type":"post","link":"https:\/\/www.locoxelrojo.com\/independiente\/2021\/07\/31\/falcioni-durisimo-contra-el-arbitraje-y-con-la-guardia-alta-antes-del-clasico\/","title":{"rendered":"Falcioni, dur\u00edsimo contra el arbitraje y con la guardia alta antes del cl\u00e1sico"},"content":{"rendered":"<p><strong>Julio Cesar Falcioni<\/strong> habl\u00f3 en conferencia de prensa luego del empate 1-1 ante Platense en Vicente L\u00f3pez y apunt\u00f3 contra el p\u00e9simo arbitraje de Diego Abal.<\/p>\n<p>Cuando le preguntaron sobre <a href=\"https:\/\/www.locoxelrojo.com\/independiente\/2021\/07\/31\/escandaloso-arbitraje-de-abal\/\">la falta contra Fabricio Bustos y la plancha a Lucas Romero<\/a>, que debieron ser penal para el Rojo y expulsiones para el rival, el DT contest\u00f3: <strong>\u201cEl penal a Bustos es clar\u00edsimo. Es lo que est\u00e1 pasando \u00faltimamente en Independiente, cuando ven que levantamos la cabeza y andamos bien aparecen fallos en contra. Esperemos que no pase lo mismo contra Tigre y Racing\u201d<\/strong>.<\/p>\n<p>Luego fue consultado sobre qu\u00e9 juez prefer\u00eda para el cl\u00e1sico de la fecha que viene. <strong>\u201cCualquiera que sea, aparentemente va a hacer lo mismo. Lo que vi en la cancha y despu\u00e9s vi en la pantalla me muestra que no quiso cobrar el penal. Yo respeto mucho a Diego Abal, pero \u00e9l me dice que no lo vio\u201d<\/strong>, sostuvo.<\/p>\n<p><strong>\u201cSon situaciones muy evidentes que no nos dan y necesitamos que nos cobren lo que pasa dentro del campo\u201d<\/strong>, cerr\u00f3.<\/p>\n<h4><strong>Mir\u00e1 la conferencia de Falcioni<\/strong><\/h4>\n<p><iframe loading=\"lazy\" title=\"YouTube video player\" src=\"https:\/\/www.youtube.com\/embed\/9YQiJtb2FmM\" width=\"560\" height=\"315\" frameborder=\"0\" allowfullscreen=\"allowfullscreen\"><\/iframe><\/p>\n","protected":false},"excerpt":{"rendered":"<p>Julio Cesar Falcioni habl\u00f3 en conferencia de prensa luego del empate 1-1 ante Platense en Vicente L\u00f3pez y apunt\u00f3 contra el p\u00e9simo arbitraje de Diego Abal. Cuando le preguntaron sobre la falta contra Fabricio Bustos y la plancha a Lucas Romero, que debieron ser penal para el Rojo y expulsiones para el rival, el DT [&hellip;]<\/p>\n","protected":false},"author":101026,"featured_media":98509,"comment_status":"open","ping_status":"closed","sticky":false,"template":"","format":"standard","meta":{"_links_to":"","_links_to_target":""},"categories":[3247,3],"tags":[153,180,385,4931,3398],"_links":{"self":[{"href":"https:\/\/www.locoxelrojo.com\/independiente\/wp-json\/wp\/v2\/posts\/98507"}],"collection":[{"href":"https:\/\/www.locoxelrojo.com\/independiente\/wp-json\/wp\/v2\/posts"}],"about":[{"href":"https:\/\/www.locoxelrojo.com\/independiente\/wp-json\/wp\/v2\/types\/post"}],"author":[{"embeddable":true,"href":"https:\/\/www.locoxelrojo.com\/independiente\/wp-json\/wp\/v2\/users\/101026"}],"replies":[{"embeddable":true,"href":"https:\/\/www.locoxelrojo.com\/independiente\/wp-json\/wp\/v2\/comments?post=98507"}],"version-history":[{"count":6,"href":"https:\/\/www.locoxelrojo.com\/independiente\/wp-json\/wp\/v2\/posts\/98507\/revisions"}],"predecessor-version":[{"id":98517,"href":"https:\/\/www.locoxelrojo.com\/independiente\/wp-json\/wp\/v2\/posts\/98507\/revisions\/98517"}],"wp:featuredmedia":[{"embeddable":true,"href":"https:\/\/www.locoxelrojo.com\/independiente\/wp-json\/wp\/v2\/media\/98509"}],"wp:attachment":[{"href":"https:\/\/www.locoxelrojo.com\/independiente\/wp-json\/wp\/v2\/media?parent=98507"}],"wp:term":[{"taxonomy":"category","embeddable":true,"href":"https:\/\/www.locoxelrojo.com\/independiente\/wp-json\/wp\/v2\/categories?post=98507"},{"taxonomy":"post_tag","embeddable":true,"href":"https:\/\/www.locoxelrojo.com\/independiente\/wp-json\/wp\/v2\/tags?post=98507"}],"curies":[{"name":"wp","href":"https:\/\/api.w.org\/{rel}","templated":true}]}}