{"id":98578,"date":"2021-08-03T13:58:55","date_gmt":"2021-08-03T16:58:55","guid":{"rendered":"https:\/\/www.locoxelrojo.com\/independiente\/?p=98578"},"modified":"2021-08-03T17:53:25","modified_gmt":"2021-08-03T20:53:25","slug":"vistieron-ambas-camisetas","status":"publish","type":"post","link":"https:\/\/www.locoxelrojo.com\/independiente\/2021\/08\/03\/vistieron-ambas-camisetas\/","title":{"rendered":"Vistieron ambas camisetas"},"content":{"rendered":"<p>En la previa del enfrentamiento entre <strong>Independiente<\/strong> y <strong>Tigre<\/strong> por los 16vos. de final de la Copa Argentina, armamos un equipo de futbolistas que vistieron ambas camisetas.<\/p>\n<p><span style=\"text-decoration: underline;\"><strong>Adri\u00e1n Gabbarini:<\/strong><\/span> inici\u00f3 su carrera y ataj\u00f3 en el Rojo hasta 2013, en ese lapso levant\u00f3 la Copa Sudamericana 2010. Lleg\u00f3 en 2016 a Tigre y ah\u00ed solo disput\u00f3 dos partidos.<\/p>\n<p><strong><span style=\"text-decoration: underline;\">Emiliano Papa:<\/span><\/strong> el lateral arrib\u00f3 en 2015 a Avellaneda, altern\u00f3 varios encuentros con Nicol\u00e1s Tagliafico. Sin lugar fue transferido al Matador, donde estuvo hasta 2017.<\/p>\n<p><span style=\"text-decoration: underline;\"><strong>Emiliano Dudar:<\/strong><\/span> el central tuvo un paso para el olvido en ambos clubes. En el Rojo durante la temporada 03\/04 y en Tigre en 2006.<\/p>\n<p><strong><span style=\"text-decoration: underline;\">Mariano Pern\u00eda:<\/span><\/strong> comenz\u00f3 su recorrido como futbolista en el Rojo donde form\u00f3 parte del plantel campe\u00f3n del 2002. El ahora piloto, termin\u00f3 su carrera en el Matador en 2011.<\/p>\n<p><span style=\"text-decoration: underline;\"><strong>Mart\u00edn G\u00f3mez:<\/strong><\/span> lleg\u00f3 al Rojo desde Independiente Rivadavia, se transform\u00f3 en un futbolista querido y gan\u00f3 la Sudamericana 2010. Sin lugar en el club, se fue a pr\u00e9stamo a Tigre en 2011.<\/p>\n<p><strong><span style=\"text-decoration: underline;\">Sebasti\u00e1n Carrizo:<\/span><\/strong> el mediocampista, conocido por su fuerte pegada, inici\u00f3 su trayectoria en Tigre. Luego pas\u00f3 por Talleres y tuvo la oportunidad de ser transferido al Rey de Copas.<\/p>\n<p><span style=\"text-decoration: underline;\"><strong>Walter Acevedo:<\/strong><\/span> fue eje del equipo entre 2009 y 2010 de la mano de Am\u00e9rico Gallego. Al no llegar a un acuerdo con la instituci\u00f3n, se fue. Disput\u00f3 seis partidos en Tigre en 2014.<\/p>\n<p><span style=\"text-decoration: underline;\"><strong>Fabio Lenguita:<\/strong><\/span> el mediocampista estuvo en dos pasos en el Rojo entre 1989-92 y 1994. Sobre el final de su carrera fue al Matador de Victoria, en 2001, a jugar por el ascenso.<\/p>\n<p><strong><span style=\"text-decoration: underline;\">Pablo Vitti:<\/span><\/strong> lleg\u00f3 al Rojo en 2008 con muchas expectativas pero solo disput\u00f3 dos partidos. En el club de Victoria tendr\u00eda un poco m\u00e1s de suerte y jugar\u00eda m\u00e1s de 20 encuentros.<\/p>\n<p><strong><span style=\"text-decoration: underline;\">Diego Vera:<\/span><\/strong> lleg\u00f3 desde Estudiantes en 2015. Con 56 partidos y 16 goles en casi dos a\u00f1os en Avellaneda, perdi\u00f3 terreno para Ariel Holan. En la 2018\/19 desembarc\u00f3 en Tigre.<\/p>\n<p><span style=\"text-decoration: underline;\"><strong>Javier Mazzoni:<\/strong><\/span> tuvo un gran rendimiento en el Rojo, donde consigui\u00f3 la Supercopa y la Recopa 1995. Al final de su carrera se fue a Tigre y consigui\u00f3 el ascenso a Primera en 2007.<\/p>\n","protected":false},"excerpt":{"rendered":"<p>En la previa del enfrentamiento entre Independiente y Tigre por los 16vos. de final de la Copa Argentina, armamos un equipo de futbolistas que vistieron ambas camisetas. Adri\u00e1n Gabbarini: inici\u00f3 su carrera y ataj\u00f3 en el Rojo hasta 2013, en ese lapso levant\u00f3 la Copa Sudamericana 2010. Lleg\u00f3 en 2016 a Tigre y ah\u00ed solo [&hellip;]<\/p>\n","protected":false},"author":101024,"featured_media":98579,"comment_status":"open","ping_status":"closed","sticky":false,"template":"","format":"standard","meta":{"_links_to":"","_links_to_target":""},"categories":[3247,10],"tags":[77,153,4808,2791,4971,2853,4972,1860,3301,59,2044,4605,309,55],"_links":{"self":[{"href":"https:\/\/www.locoxelrojo.com\/independiente\/wp-json\/wp\/v2\/posts\/98578"}],"collection":[{"href":"https:\/\/www.locoxelrojo.com\/independiente\/wp-json\/wp\/v2\/posts"}],"about":[{"href":"https:\/\/www.locoxelrojo.com\/independiente\/wp-json\/wp\/v2\/types\/post"}],"author":[{"embeddable":true,"href":"https:\/\/www.locoxelrojo.com\/independiente\/wp-json\/wp\/v2\/users\/101024"}],"replies":[{"embeddable":true,"href":"https:\/\/www.locoxelrojo.com\/independiente\/wp-json\/wp\/v2\/comments?post=98578"}],"version-history":[{"count":1,"href":"https:\/\/www.locoxelrojo.com\/independiente\/wp-json\/wp\/v2\/posts\/98578\/revisions"}],"predecessor-version":[{"id":98580,"href":"https:\/\/www.locoxelrojo.com\/independiente\/wp-json\/wp\/v2\/posts\/98578\/revisions\/98580"}],"wp:featuredmedia":[{"embeddable":true,"href":"https:\/\/www.locoxelrojo.com\/independiente\/wp-json\/wp\/v2\/media\/98579"}],"wp:attachment":[{"href":"https:\/\/www.locoxelrojo.com\/independiente\/wp-json\/wp\/v2\/media?parent=98578"}],"wp:term":[{"taxonomy":"category","embeddable":true,"href":"https:\/\/www.locoxelrojo.com\/independiente\/wp-json\/wp\/v2\/categories?post=98578"},{"taxonomy":"post_tag","embeddable":true,"href":"https:\/\/www.locoxelrojo.com\/independiente\/wp-json\/wp\/v2\/tags?post=98578"}],"curies":[{"name":"wp","href":"https:\/\/api.w.org\/{rel}","templated":true}]}}