{"id":98797,"date":"2021-08-10T17:31:09","date_gmt":"2021-08-10T20:31:09","guid":{"rendered":"https:\/\/www.locoxelrojo.com\/independiente\/?p=98797"},"modified":"2021-08-10T17:42:10","modified_gmt":"2021-08-10T20:42:10","slug":"dias-y-horarios-para-las-fechas-7-8-y-9","status":"publish","type":"post","link":"https:\/\/www.locoxelrojo.com\/independiente\/2021\/08\/10\/dias-y-horarios-para-las-fechas-7-8-y-9\/","title":{"rendered":"D\u00edas y horarios para las fechas 7, 8 y 9"},"content":{"rendered":"<p><strong>La Liga Profesional de F\u00fatbol confirm\u00f3 los d\u00edas y horarios para las fechas 7, 8 y 9 del campeonato.<\/strong><\/p>\n<p>Despu\u00e9s de quedar eliminado de las Copas Sudamericana y Argentina, Independiente tiene el calendario m\u00e1s liberado y s\u00f3lo tiene que mirar el torneo local, que lo tiene como <a href=\"https:\/\/www.locoxelrojo.com\/independiente\/2021\/08\/09\/asi-quedo-la-tabla-punteros-en-soledad-despues-de-11-anos\/\">\u00fanico puntero tras la victoria en el Cl\u00e1sico de Avellaneda<\/a>. Sin embargo, despu\u00e9s de visitar a Rosario Central, se vienen tres jornadas donde habr\u00e1 una fecha entre semana.<\/p>\n<p><strong>El viernes 20 de agosto, el Rey de Copas recibir\u00e1 a Defensa y Justicia a las 21:15<\/strong> en el Estadio Libertadores de Am\u00e9rica por la 7\u00aa jornada de la Liga Profesional. Cuatro d\u00edas m\u00e1s tarde tendr\u00e1 un viaje al Norte del pa\u00eds: <strong>visitar\u00e1 a Atl\u00e9tico Tucum\u00e1n el martes 24 de agosto a las 18:45<\/strong>, por la 8\u00aa fecha.<\/p>\n<p>El \u00faltimo compromiso a la vista ser\u00e1 cuatro d\u00edas m\u00e1s tarde del viaje a Tucum\u00e1n. Por la fecha 9, el Rey de Copas <strong>ser\u00e1 local ante Col\u00f3n el s\u00e1bado 28 de agosto a las 20:15<\/strong> en Avellaneda.<\/p>\n<h3>As\u00ed queda el calendario de Independiente<\/h3>\n<p>S\u00e1bado 14\/8 &#8211; 20:15 &#8211; vs. Rosario Central (V)<\/p>\n<p>Viernes 20\/8 &#8211; 21:15 &#8211; vs. Defensa y Justicia (L)<\/p>\n<p>Martes 24\/4 &#8211; 18:45 &#8211; vs. Atl\u00e9tico Tucum\u00e1n (V)<\/p>\n<p>S\u00e1bado 28\/8 &#8211; 20:15 &#8211; vs. Col\u00f3n (L)<\/p>\n<p>&nbsp;<\/p>\n","protected":false},"excerpt":{"rendered":"<p>La Liga Profesional de F\u00fatbol confirm\u00f3 los d\u00edas y horarios para las fechas 7, 8 y 9 del campeonato. Despu\u00e9s de quedar eliminado de las Copas Sudamericana y Argentina, Independiente tiene el calendario m\u00e1s liberado y s\u00f3lo tiene que mirar el torneo local, que lo tiene como \u00fanico puntero tras la victoria en el Cl\u00e1sico [&hellip;]<\/p>\n","protected":false},"author":8,"featured_media":97638,"comment_status":"open","ping_status":"closed","sticky":false,"template":"","format":"standard","meta":{"_links_to":"","_links_to_target":""},"categories":[3280,3247,1],"tags":[297,153,2740,896,4931,507],"_links":{"self":[{"href":"https:\/\/www.locoxelrojo.com\/independiente\/wp-json\/wp\/v2\/posts\/98797"}],"collection":[{"href":"https:\/\/www.locoxelrojo.com\/independiente\/wp-json\/wp\/v2\/posts"}],"about":[{"href":"https:\/\/www.locoxelrojo.com\/independiente\/wp-json\/wp\/v2\/types\/post"}],"author":[{"embeddable":true,"href":"https:\/\/www.locoxelrojo.com\/independiente\/wp-json\/wp\/v2\/users\/8"}],"replies":[{"embeddable":true,"href":"https:\/\/www.locoxelrojo.com\/independiente\/wp-json\/wp\/v2\/comments?post=98797"}],"version-history":[{"count":4,"href":"https:\/\/www.locoxelrojo.com\/independiente\/wp-json\/wp\/v2\/posts\/98797\/revisions"}],"predecessor-version":[{"id":98801,"href":"https:\/\/www.locoxelrojo.com\/independiente\/wp-json\/wp\/v2\/posts\/98797\/revisions\/98801"}],"wp:featuredmedia":[{"embeddable":true,"href":"https:\/\/www.locoxelrojo.com\/independiente\/wp-json\/wp\/v2\/media\/97638"}],"wp:attachment":[{"href":"https:\/\/www.locoxelrojo.com\/independiente\/wp-json\/wp\/v2\/media?parent=98797"}],"wp:term":[{"taxonomy":"category","embeddable":true,"href":"https:\/\/www.locoxelrojo.com\/independiente\/wp-json\/wp\/v2\/categories?post=98797"},{"taxonomy":"post_tag","embeddable":true,"href":"https:\/\/www.locoxelrojo.com\/independiente\/wp-json\/wp\/v2\/tags?post=98797"}],"curies":[{"name":"wp","href":"https:\/\/api.w.org\/{rel}","templated":true}]}}