{"id":99028,"date":"2021-08-18T09:00:50","date_gmt":"2021-08-18T12:00:50","guid":{"rendered":"https:\/\/www.locoxelrojo.com\/independiente\/?p=99028"},"modified":"2021-08-18T15:20:04","modified_gmt":"2021-08-18T18:20:04","slug":"se-acerca-el-regreso","status":"publish","type":"post","link":"https:\/\/www.locoxelrojo.com\/independiente\/2021\/08\/18\/se-acerca-el-regreso\/","title":{"rendered":"Se acerca el regreso"},"content":{"rendered":"<p>Desde el Gobierno ya planean la vuelta del p\u00fabico en los estadios. <strong>El ministro de Turismo Y Deporte, Mat\u00edas Lammens, asegur\u00f3 que est\u00e1n trabajando en un cronograma de fechas para el regreso, con protocolos y un determinado aforo (alrededor del 30%)<\/strong>.<\/p>\n<p><strong>\u201cEstamos cerca de volver a las canchas. En los pr\u00f3ximos d\u00edas vamos a dar un cronograma\u201d<\/strong>, agreg\u00f3 Lammens, en dialogo con Futuro Rock. Y agreg\u00f3: <strong>&#8220;Ser\u00e1 sobre finales de septiembre o principios de octubre&#8221;<\/strong>.<\/p>\n<p><strong>&#8220;No est\u00e1 previsto el regreso del p\u00fablico visitante. Cuando vuelva el p\u00fablico, ser\u00e1n solo los locales&#8221;<\/strong>. Por el momento, desde Independiente no hay notificaciones oficiales sobre c\u00f3mo se implementar\u00e1.<\/p>\n","protected":false},"excerpt":{"rendered":"<p>Desde el Gobierno ya planean la vuelta del p\u00fabico en los estadios. El ministro de Turismo Y Deporte, Mat\u00edas Lammens, asegur\u00f3 que est\u00e1n trabajando en un cronograma de fechas para el regreso, con protocolos y un determinado aforo (alrededor del 30%). \u201cEstamos cerca de volver a las canchas. En los pr\u00f3ximos d\u00edas vamos a dar [&hellip;]<\/p>\n","protected":false},"author":101027,"featured_media":97766,"comment_status":"open","ping_status":"closed","sticky":false,"template":"","format":"standard","meta":{"_links_to":"","_links_to_target":""},"categories":[3280,3247],"tags":[153,1848],"_links":{"self":[{"href":"https:\/\/www.locoxelrojo.com\/independiente\/wp-json\/wp\/v2\/posts\/99028"}],"collection":[{"href":"https:\/\/www.locoxelrojo.com\/independiente\/wp-json\/wp\/v2\/posts"}],"about":[{"href":"https:\/\/www.locoxelrojo.com\/independiente\/wp-json\/wp\/v2\/types\/post"}],"author":[{"embeddable":true,"href":"https:\/\/www.locoxelrojo.com\/independiente\/wp-json\/wp\/v2\/users\/101027"}],"replies":[{"embeddable":true,"href":"https:\/\/www.locoxelrojo.com\/independiente\/wp-json\/wp\/v2\/comments?post=99028"}],"version-history":[{"count":1,"href":"https:\/\/www.locoxelrojo.com\/independiente\/wp-json\/wp\/v2\/posts\/99028\/revisions"}],"predecessor-version":[{"id":99029,"href":"https:\/\/www.locoxelrojo.com\/independiente\/wp-json\/wp\/v2\/posts\/99028\/revisions\/99029"}],"wp:featuredmedia":[{"embeddable":true,"href":"https:\/\/www.locoxelrojo.com\/independiente\/wp-json\/wp\/v2\/media\/97766"}],"wp:attachment":[{"href":"https:\/\/www.locoxelrojo.com\/independiente\/wp-json\/wp\/v2\/media?parent=99028"}],"wp:term":[{"taxonomy":"category","embeddable":true,"href":"https:\/\/www.locoxelrojo.com\/independiente\/wp-json\/wp\/v2\/categories?post=99028"},{"taxonomy":"post_tag","embeddable":true,"href":"https:\/\/www.locoxelrojo.com\/independiente\/wp-json\/wp\/v2\/tags?post=99028"}],"curies":[{"name":"wp","href":"https:\/\/api.w.org\/{rel}","templated":true}]}}