{"id":9908,"date":"2011-08-02T13:20:25","date_gmt":"2011-08-02T16:20:25","guid":{"rendered":"http:\/\/www.locoxelrojo.com.ar\/independiente\/?p=9908"},"modified":"2011-08-02T13:20:25","modified_gmt":"2011-08-02T16:20:25","slug":"todo-listo-3","status":"publish","type":"post","link":"https:\/\/www.locoxelrojo.com\/independiente\/2011\/08\/02\/todo-listo-3\/","title":{"rendered":"Todo listo"},"content":{"rendered":"<p><a href=\"http:\/\/www.locoxelrojo.com.ar\/independiente\/wp-content\/uploads\/2011\/08\/independiente-entrenamiento.jpg\"><img loading=\"lazy\" class=\"alignnone size-full wp-image-9915\" title=\"independiente-entrenamiento\" src=\"http:\/\/www.locoxelrojo.com.ar\/independiente\/wp-content\/uploads\/2011\/08\/independiente-entrenamiento.jpg\" alt=\"\" width=\"590\" height=\"315\" srcset=\"https:\/\/locoxelrojo.com\/independiente\/wp-content\/uploads\/2011\/08\/independiente-entrenamiento.jpg 590w, https:\/\/locoxelrojo.com\/independiente\/wp-content\/uploads\/2011\/08\/independiente-entrenamiento-300x160.jpg 300w\" sizes=\"(max-width: 590px) 100vw, 590px\" \/><\/a><\/p>\n<p>Antonio Mohamed confirm\u00f3 el esquema pero no el equipo aunque este ser\u00e1 el mismo que el entrenador viene parando en los entrenamientos. Independiente ir\u00e1 con un 4-4-2 agresivo en donde Iv\u00e1n V\u00e9lez tendr\u00e1 peso ofensivo. Adem\u00e1s, Hernan Fredes ocupar\u00e1 la posici\u00f3n de enganche cuando el colombiano suba por el lateral derecho.<\/p>\n<p>Tal como se vio en las pr\u00e1cticas de f\u00fatbol, finalmente Patricio Rodr\u00edguez ir\u00e1 al banco de los suplentes y los titulares en la delantera ser\u00e1n Facundo Parra y Marco P\u00e9rez quien hizo ejercicios de definici\u00f3n en las \u00faltimas 2 pr\u00e1cticas sobre las 3 que hubo en Shizuoka. El Rojo ir\u00e1 con Hilario Navarro; Iv\u00e1n V\u00e9lez, Eduardo Tuzzio, Juli\u00e1n Vel\u00e1zquez, Maximiliano Vel\u00e1zquez; Hernan Fredes, Roberto Batti\u00f3n, Cristian Pellerano, Osmar Ferreyra; Facundo Parra y Marco P\u00e9rez.<\/p>\n<p>El setenta por ciento de las entradas ya est\u00e1n vendidas y se espera un estadio Ecopa en la ciudad de Shizuoka colmado a partir de las 7 de la tarde en Jap\u00f3n -7 de la ma\u00f1ana de nuestro pa\u00eds por Fox Sports-. Cabe destacar de que en caso de empate el partido se definir\u00e1 directamente por tiros desde el punto del penal. Adem\u00e1s, se podr\u00e1n realizar 6 modificaciones adem\u00e1s del arquero.<\/p>\n","protected":false},"excerpt":{"rendered":"<p>Antonio Mohamed confirm\u00f3 el esquema pero no el equipo aunque este ser\u00e1 el mismo que el entrenador viene parando en los entrenamientos. Independiente ir\u00e1 con un 4-4-2 agresivo en donde Iv\u00e1n V\u00e9lez tendr\u00e1 peso ofensivo. Adem\u00e1s, Hernan Fredes ocupar\u00e1 la posici\u00f3n de enganche cuando el colombiano suba por el lateral derecho. Tal como se vio [&hellip;]<\/p>\n","protected":false},"author":1,"featured_media":0,"comment_status":"open","ping_status":"open","sticky":false,"template":"","format":"standard","meta":{"_links_to":"","_links_to_target":""},"categories":[355,3,1],"tags":[153,3271,71,412,547],"_links":{"self":[{"href":"https:\/\/www.locoxelrojo.com\/independiente\/wp-json\/wp\/v2\/posts\/9908"}],"collection":[{"href":"https:\/\/www.locoxelrojo.com\/independiente\/wp-json\/wp\/v2\/posts"}],"about":[{"href":"https:\/\/www.locoxelrojo.com\/independiente\/wp-json\/wp\/v2\/types\/post"}],"author":[{"embeddable":true,"href":"https:\/\/www.locoxelrojo.com\/independiente\/wp-json\/wp\/v2\/users\/1"}],"replies":[{"embeddable":true,"href":"https:\/\/www.locoxelrojo.com\/independiente\/wp-json\/wp\/v2\/comments?post=9908"}],"version-history":[{"count":0,"href":"https:\/\/www.locoxelrojo.com\/independiente\/wp-json\/wp\/v2\/posts\/9908\/revisions"}],"wp:attachment":[{"href":"https:\/\/www.locoxelrojo.com\/independiente\/wp-json\/wp\/v2\/media?parent=9908"}],"wp:term":[{"taxonomy":"category","embeddable":true,"href":"https:\/\/www.locoxelrojo.com\/independiente\/wp-json\/wp\/v2\/categories?post=9908"},{"taxonomy":"post_tag","embeddable":true,"href":"https:\/\/www.locoxelrojo.com\/independiente\/wp-json\/wp\/v2\/tags?post=9908"}],"curies":[{"name":"wp","href":"https:\/\/api.w.org\/{rel}","templated":true}]}}