{"id":99089,"date":"2021-08-20T16:38:21","date_gmt":"2021-08-20T19:38:21","guid":{"rendered":"https:\/\/www.locoxelrojo.com\/independiente\/?p=99089"},"modified":"2021-08-20T16:38:21","modified_gmt":"2021-08-20T19:38:21","slug":"di-lorenzo-se-fue-de-independiente","status":"publish","type":"post","link":"https:\/\/www.locoxelrojo.com\/independiente\/2021\/08\/20\/di-lorenzo-se-fue-de-independiente\/","title":{"rendered":"Di Lorenzo se fue de Independiente"},"content":{"rendered":"<p>Otro futbolista surgido en el club se va de Independiente al ser poco tenido en cuenta y en b\u00fasqueda de oportunidades. <strong>Se trata de Juan Di Lorenzo, que rescindi\u00f3 su contrato con el club.<\/strong><\/p>\n<p><strong>El defensor central de 23 a\u00f1os<\/strong> pas\u00f3 el viernes por la instituci\u00f3n a saludar a sus compa\u00f1eros y todav\u00eda no tiene futuro definido, <strong>donde intentar\u00e1 jugar en un club en el exterior. Al Rojo le deja un 25% de una futura venta.<\/strong><\/p>\n<p><strong>El zaguero tan solo lleg\u00f3 a disputar 2 encuentros en la Primera del Rey de Copas, ambos por la \u00faltima Copa Sudamericana y ante Montevideo City,<\/strong> entrando 5 minutos en ek triunfo 3-1 en Avellaneda y siendo titular en el empate 1-1 en Uruguay.<\/p>\n<p>Tapado por una zaga s\u00f3lida como <strong>Juan Manuel Insaurralde y Serio Barreto<\/strong> y teniendo por delante a <strong>Patricio Ostachuk, Ayrton Costa, Mauro Zurita, m\u00e1s el regreso de Ezequiel Mu\u00f1oz y a Joaqu\u00edn Laso<\/strong> pendiente de la habilitaci\u00f3n, <strong>el jugador entendi\u00f3 que deb\u00eda marcharse.\u00a0<\/strong><\/p>\n<p><iframe loading=\"lazy\" title=\"YouTube video player\" src=\"https:\/\/www.youtube.com\/embed\/NazOWjQ1yd8\" width=\"560\" height=\"315\" frameborder=\"0\" allowfullscreen=\"allowfullscreen\"><\/iframe><\/p>\n","protected":false},"excerpt":{"rendered":"<p>Otro futbolista surgido en el club se va de Independiente al ser poco tenido en cuenta y en b\u00fasqueda de oportunidades. Se trata de Juan Di Lorenzo, que rescindi\u00f3 su contrato con el club. El defensor central de 23 a\u00f1os pas\u00f3 el viernes por la instituci\u00f3n a saludar a sus compa\u00f1eros y todav\u00eda no tiene [&hellip;]<\/p>\n","protected":false},"author":101017,"featured_media":99091,"comment_status":"open","ping_status":"closed","sticky":false,"template":"","format":"standard","meta":{"_links_to":"","_links_to_target":""},"categories":[3280,3247],"tags":[4991,3180],"_links":{"self":[{"href":"https:\/\/www.locoxelrojo.com\/independiente\/wp-json\/wp\/v2\/posts\/99089"}],"collection":[{"href":"https:\/\/www.locoxelrojo.com\/independiente\/wp-json\/wp\/v2\/posts"}],"about":[{"href":"https:\/\/www.locoxelrojo.com\/independiente\/wp-json\/wp\/v2\/types\/post"}],"author":[{"embeddable":true,"href":"https:\/\/www.locoxelrojo.com\/independiente\/wp-json\/wp\/v2\/users\/101017"}],"replies":[{"embeddable":true,"href":"https:\/\/www.locoxelrojo.com\/independiente\/wp-json\/wp\/v2\/comments?post=99089"}],"version-history":[{"count":2,"href":"https:\/\/www.locoxelrojo.com\/independiente\/wp-json\/wp\/v2\/posts\/99089\/revisions"}],"predecessor-version":[{"id":99093,"href":"https:\/\/www.locoxelrojo.com\/independiente\/wp-json\/wp\/v2\/posts\/99089\/revisions\/99093"}],"wp:featuredmedia":[{"embeddable":true,"href":"https:\/\/www.locoxelrojo.com\/independiente\/wp-json\/wp\/v2\/media\/99091"}],"wp:attachment":[{"href":"https:\/\/www.locoxelrojo.com\/independiente\/wp-json\/wp\/v2\/media?parent=99089"}],"wp:term":[{"taxonomy":"category","embeddable":true,"href":"https:\/\/www.locoxelrojo.com\/independiente\/wp-json\/wp\/v2\/categories?post=99089"},{"taxonomy":"post_tag","embeddable":true,"href":"https:\/\/www.locoxelrojo.com\/independiente\/wp-json\/wp\/v2\/tags?post=99089"}],"curies":[{"name":"wp","href":"https:\/\/api.w.org\/{rel}","templated":true}]}}