{"id":99203,"date":"2021-08-23T15:00:29","date_gmt":"2021-08-23T18:00:29","guid":{"rendered":"https:\/\/www.locoxelrojo.com\/independiente\/?p=99203"},"modified":"2021-08-23T15:08:30","modified_gmt":"2021-08-23T18:08:30","slug":"vistieron-las-dos-camisetas-atletico-tucuman","status":"publish","type":"post","link":"https:\/\/www.locoxelrojo.com\/independiente\/2021\/08\/23\/vistieron-las-dos-camisetas-atletico-tucuman\/","title":{"rendered":"Vistieron las dos camisetas: Atl\u00e9tico Tucum\u00e1n"},"content":{"rendered":"<p>En la previa del enfrentamiento entre <strong>Independiente<\/strong> y <strong>Atl\u00e9tico Tucum\u00e1n<\/strong> por la fecha 8 de la Liga Profesional, armamos un equipo de futbolistas que vistieron ambas camisetas.<\/p>\n<p>Entre ambos clubes, en los \u00faltimos a\u00f1os, hay muchos m\u00e1s enfrentamientos que futbolistas que jugaron con las dos camisetas. El once, con <strong>Manuel Gi\u00fadice<\/strong> como DT, es: <strong>Esteban Pogany; Mart\u00edn Pautasso, Mat\u00edas Villavicencio, Pedro Monz\u00f3n, Javier P\u00e1ez, Lucas Villalba; Pablo Hern\u00e1ndez, Fabio Lenguita; Adri\u00e1n Czornomaz; Emmanuel Gigliotti y Jairo Castillo<\/strong>.<\/p>\n<p>Actualmente el Rojo no tiene jugadores que vistieron la camiseta de Atl\u00e9tico, pero el Decano tuvo hasta hace poco a <strong>Gustavo Toledo<\/strong>. Y el plantel es dirigido por Omar De Felippe, que tiene entre sus delanteros a <strong>Cristian Men\u00e9ndez<\/strong>.<\/p>\n<p>Otros futbolistas que pasaron por ambos clubes son: Edgardo Arnaudo, Cristian Ch\u00e1vez, Facundo Daffonchio, Alberto Gonz\u00e1lez, Jos\u00e9 Antonio Lencina, Mario Lobo, Jorge Orlando L\u00f3pez, Eduardo M\u00e9ndez, Ricardo Moreira, V\u00edctor Palomba y Carlos Pellegrini, entre otros.<\/p>\n","protected":false},"excerpt":{"rendered":"<p>En la previa del enfrentamiento entre Independiente y Atl\u00e9tico Tucum\u00e1n por la fecha 8 de la Liga Profesional, armamos un equipo de futbolistas que vistieron ambas camisetas. Entre ambos clubes, en los \u00faltimos a\u00f1os, hay muchos m\u00e1s enfrentamientos que futbolistas que jugaron con las dos camisetas. El once, con Manuel Gi\u00fadice como DT, es: Esteban [&hellip;]<\/p>\n","protected":false},"author":101024,"featured_media":99204,"comment_status":"open","ping_status":"closed","sticky":false,"template":"","format":"standard","meta":{"_links_to":"","_links_to_target":""},"categories":[3247,10],"tags":[297,153,3267,4931],"_links":{"self":[{"href":"https:\/\/www.locoxelrojo.com\/independiente\/wp-json\/wp\/v2\/posts\/99203"}],"collection":[{"href":"https:\/\/www.locoxelrojo.com\/independiente\/wp-json\/wp\/v2\/posts"}],"about":[{"href":"https:\/\/www.locoxelrojo.com\/independiente\/wp-json\/wp\/v2\/types\/post"}],"author":[{"embeddable":true,"href":"https:\/\/www.locoxelrojo.com\/independiente\/wp-json\/wp\/v2\/users\/101024"}],"replies":[{"embeddable":true,"href":"https:\/\/www.locoxelrojo.com\/independiente\/wp-json\/wp\/v2\/comments?post=99203"}],"version-history":[{"count":1,"href":"https:\/\/www.locoxelrojo.com\/independiente\/wp-json\/wp\/v2\/posts\/99203\/revisions"}],"predecessor-version":[{"id":99205,"href":"https:\/\/www.locoxelrojo.com\/independiente\/wp-json\/wp\/v2\/posts\/99203\/revisions\/99205"}],"wp:featuredmedia":[{"embeddable":true,"href":"https:\/\/www.locoxelrojo.com\/independiente\/wp-json\/wp\/v2\/media\/99204"}],"wp:attachment":[{"href":"https:\/\/www.locoxelrojo.com\/independiente\/wp-json\/wp\/v2\/media?parent=99203"}],"wp:term":[{"taxonomy":"category","embeddable":true,"href":"https:\/\/www.locoxelrojo.com\/independiente\/wp-json\/wp\/v2\/categories?post=99203"},{"taxonomy":"post_tag","embeddable":true,"href":"https:\/\/www.locoxelrojo.com\/independiente\/wp-json\/wp\/v2\/tags?post=99203"}],"curies":[{"name":"wp","href":"https:\/\/api.w.org\/{rel}","templated":true}]}}