{"id":9921,"date":"2011-08-02T23:00:50","date_gmt":"2011-08-03T02:00:50","guid":{"rendered":"http:\/\/www.locoxelrojo.com.ar\/independiente\/?p=9921"},"modified":"2015-09-14T23:23:16","modified_gmt":"2015-09-15T02:23:16","slug":"osmar-pato-tuvo-lesiones-y-no-pudo-entrenar-de-corrido","status":"publish","type":"post","link":"https:\/\/www.locoxelrojo.com\/independiente\/2011\/08\/02\/osmar-pato-tuvo-lesiones-y-no-pudo-entrenar-de-corrido\/","title":{"rendered":"Ferreyra: &#8220;Pato tuvo lesiones y no pudo entrenar de corrido&#8221;"},"content":{"rendered":"<p><a href=\"http:\/\/www.locoxelrojo.com.ar\/independiente\/wp-content\/uploads\/2011\/08\/osmar_ferreyra.jpg\"><img loading=\"lazy\" class=\"alignnone size-full wp-image-9923\" title=\"osmar_ferreyra\" src=\"http:\/\/www.locoxelrojo.com.ar\/independiente\/wp-content\/uploads\/2011\/08\/osmar_ferreyra.jpg\" alt=\"\" width=\"590\" height=\"315\" srcset=\"https:\/\/locoxelrojo.com\/independiente\/wp-content\/uploads\/2011\/08\/osmar_ferreyra.jpg 590w, https:\/\/locoxelrojo.com\/independiente\/wp-content\/uploads\/2011\/08\/osmar_ferreyra-300x160.jpg 300w\" sizes=\"(max-width: 590px) 100vw, 590px\" \/><\/a><\/p>\n<p><strong>Osmar Ferreyra<\/strong> dialog\u00f3 con <strong>Renato Della Poalera desde Shizuoka<\/strong> y destac\u00f3 el grupo humano y su pronta incorporaci\u00f3n al resto de los compa\u00f1eros. Adem\u00e1s, admiti\u00f3 que es un jugador distinto a Patricio Rodr\u00edguez. <strong>&#8220;Somos jugadore totalmente diferentes&#8221;<\/strong>, dijo.<\/p>\n<p>Sobre el plantel, explic\u00f3: <strong>&#8220;Hay un grupo humano b\u00e1rbaro y eso hizo que me acople m\u00e1s r\u00e1pido, me integraron e hicieron sentir uno m\u00e1s&#8221;<\/strong>. Luego a\u00f1adi\u00f3:<strong> &#8220;Estoy contento por el grupo humano y de profesionales&#8221;.<\/strong><\/p>\n<p>Yendo a lo futbol\u00edstico, el &#8220;Malevo&#8221; agreg\u00f3: <strong>&#8220;Pato tuvo lesiones y no pudo entrenar de corrido. El entrenador se inclin\u00f3 por m\u00ed. Trat\u00e9 de ponerme al m\u00e1ximo. Son circunstancias y el entrenador va a querer lo mejor para el equipo, tratar\u00e9 de dar lo mejor&#8221;.<\/strong><\/p>\n","protected":false},"excerpt":{"rendered":"<p>Osmar Ferreyra dialog\u00f3 con Renato Della Poalera desde Shizuoka y destac\u00f3 el grupo humano y su pronta incorporaci\u00f3n al resto de los compa\u00f1eros. Adem\u00e1s, admiti\u00f3 que es un jugador distinto a Patricio Rodr\u00edguez. &#8220;Somos jugadore totalmente diferentes&#8221;, dijo. Sobre el plantel, explic\u00f3: &#8220;Hay un grupo humano b\u00e1rbaro y eso hizo que me acople m\u00e1s r\u00e1pido, [&hellip;]<\/p>\n","protected":false},"author":1,"featured_media":0,"comment_status":"open","ping_status":"open","sticky":false,"template":"","format":"standard","meta":{"_links_to":"","_links_to_target":""},"categories":[355,3,1],"tags":[115,153,3271,916,41],"_links":{"self":[{"href":"https:\/\/www.locoxelrojo.com\/independiente\/wp-json\/wp\/v2\/posts\/9921"}],"collection":[{"href":"https:\/\/www.locoxelrojo.com\/independiente\/wp-json\/wp\/v2\/posts"}],"about":[{"href":"https:\/\/www.locoxelrojo.com\/independiente\/wp-json\/wp\/v2\/types\/post"}],"author":[{"embeddable":true,"href":"https:\/\/www.locoxelrojo.com\/independiente\/wp-json\/wp\/v2\/users\/1"}],"replies":[{"embeddable":true,"href":"https:\/\/www.locoxelrojo.com\/independiente\/wp-json\/wp\/v2\/comments?post=9921"}],"version-history":[{"count":0,"href":"https:\/\/www.locoxelrojo.com\/independiente\/wp-json\/wp\/v2\/posts\/9921\/revisions"}],"wp:attachment":[{"href":"https:\/\/www.locoxelrojo.com\/independiente\/wp-json\/wp\/v2\/media?parent=9921"}],"wp:term":[{"taxonomy":"category","embeddable":true,"href":"https:\/\/www.locoxelrojo.com\/independiente\/wp-json\/wp\/v2\/categories?post=9921"},{"taxonomy":"post_tag","embeddable":true,"href":"https:\/\/www.locoxelrojo.com\/independiente\/wp-json\/wp\/v2\/tags?post=9921"}],"curies":[{"name":"wp","href":"https:\/\/api.w.org\/{rel}","templated":true}]}}