{"id":99524,"date":"2021-09-03T13:00:28","date_gmt":"2021-09-03T16:00:28","guid":{"rendered":"https:\/\/www.locoxelrojo.com\/independiente\/?p=99524"},"modified":"2021-09-03T14:29:22","modified_gmt":"2021-09-03T17:29:22","slug":"un-positivo-en-river-que-preocupa-a-gallardo","status":"publish","type":"post","link":"https:\/\/www.locoxelrojo.com\/independiente\/2021\/09\/03\/un-positivo-en-river-que-preocupa-a-gallardo\/","title":{"rendered":"Un positivo en River que preocupa a Gallardo"},"content":{"rendered":"<p>Como es habitual previo a los partidos, los planteles deben someterse a hisopados y <strong>Mat\u00edas Biscay, ayudante de Marcelo Gallardo, dio positivo de Covid-19<\/strong>.<\/p>\n<p>El club dio a conocer los resultados de los testeos y el integrante del cuerpo t\u00e9cnico no estar\u00e1 el pr\u00f3ximo domingo, cuando <strong>Independiente<\/strong> visite el monumental y tendr\u00e1 que hacer el aislamiento correspondiente.<\/p>\n<blockquote class=\"twitter-tweet\">\n<p dir=\"ltr\" lang=\"es\">&#x2139;&#xfe0f; [Parte M\u00e9dico] En los testeos realizados esta ma\u00f1ana, Mat\u00edas Biscay dio positivo de Covid-19. El resto de los hisopados a los integrantes del plantel y cuerpo t\u00e9cnico arrojaron resultado negativo. <a href=\"https:\/\/t.co\/Hv9DOhw31h\">pic.twitter.com\/Hv9DOhw31h<\/a><\/p>\n<p>\u2014 River Plate (@RiverPlate) <a href=\"https:\/\/twitter.com\/RiverPlate\/status\/1433793199441694741?ref_src=twsrc%5Etfw\">September 3, 2021<\/a><\/p><\/blockquote>\n<p><script async src=\"https:\/\/platform.twitter.com\/widgets.js\" charset=\"utf-8\"><\/script><\/p>\n<p><strong>El jueves estuvo en un almuerzo en el River Camp donde estuvo junto con Gallardo<\/strong>, Jorge Brito, Enzo Francescoli, Mat\u00edas Patanian y Eduardo Barrionuevo.<\/p>\n<p>Si bien Biscay, como toda la delegaci\u00f3n, se vacun\u00f3 en la pretemporada en Estados Unidos, claro est\u00e1 que la misma no evita el contagio. Por su parte <strong>los dem\u00e1s integrantes del plantel y cuerpo t\u00e9cnico dieron negativo pero deber\u00e1n ser seguidos de cerca en las horas previas al cruce con el Rojo<\/strong>.<\/p>\n<p>Y salvo los futbolistas que se encuentran con sus Selecciones, el Mu\u00f1eco podr\u00e1 contar, al menos por ahora, con el resto de sus futbolistas.<\/p>\n","protected":false},"excerpt":{"rendered":"<p>Como es habitual previo a los partidos, los planteles deben someterse a hisopados y Mat\u00edas Biscay, ayudante de Marcelo Gallardo, dio positivo de Covid-19. El club dio a conocer los resultados de los testeos y el integrante del cuerpo t\u00e9cnico no estar\u00e1 el pr\u00f3ximo domingo, cuando Independiente visite el monumental y tendr\u00e1 que hacer el [&hellip;]<\/p>\n","protected":false},"author":101025,"featured_media":99525,"comment_status":"open","ping_status":"closed","sticky":false,"template":"","format":"standard","meta":{"_links_to":"","_links_to_target":""},"categories":[3280,3247],"tags":[153,4931,2781,5023,444],"_links":{"self":[{"href":"https:\/\/www.locoxelrojo.com\/independiente\/wp-json\/wp\/v2\/posts\/99524"}],"collection":[{"href":"https:\/\/www.locoxelrojo.com\/independiente\/wp-json\/wp\/v2\/posts"}],"about":[{"href":"https:\/\/www.locoxelrojo.com\/independiente\/wp-json\/wp\/v2\/types\/post"}],"author":[{"embeddable":true,"href":"https:\/\/www.locoxelrojo.com\/independiente\/wp-json\/wp\/v2\/users\/101025"}],"replies":[{"embeddable":true,"href":"https:\/\/www.locoxelrojo.com\/independiente\/wp-json\/wp\/v2\/comments?post=99524"}],"version-history":[{"count":1,"href":"https:\/\/www.locoxelrojo.com\/independiente\/wp-json\/wp\/v2\/posts\/99524\/revisions"}],"predecessor-version":[{"id":99526,"href":"https:\/\/www.locoxelrojo.com\/independiente\/wp-json\/wp\/v2\/posts\/99524\/revisions\/99526"}],"wp:featuredmedia":[{"embeddable":true,"href":"https:\/\/www.locoxelrojo.com\/independiente\/wp-json\/wp\/v2\/media\/99525"}],"wp:attachment":[{"href":"https:\/\/www.locoxelrojo.com\/independiente\/wp-json\/wp\/v2\/media?parent=99524"}],"wp:term":[{"taxonomy":"category","embeddable":true,"href":"https:\/\/www.locoxelrojo.com\/independiente\/wp-json\/wp\/v2\/categories?post=99524"},{"taxonomy":"post_tag","embeddable":true,"href":"https:\/\/www.locoxelrojo.com\/independiente\/wp-json\/wp\/v2\/tags?post=99524"}],"curies":[{"name":"wp","href":"https:\/\/api.w.org\/{rel}","templated":true}]}}