{"id":9973,"date":"2011-08-04T15:47:26","date_gmt":"2011-08-04T18:47:26","guid":{"rendered":"http:\/\/www.locoxelrojo.com.ar\/independiente\/?p=9973"},"modified":"2011-08-04T15:47:26","modified_gmt":"2011-08-04T18:47:26","slug":"festejos-por-los-107-anos-del-club-atletico-independiente","status":"publish","type":"post","link":"https:\/\/www.locoxelrojo.com\/independiente\/2011\/08\/04\/festejos-por-los-107-anos-del-club-atletico-independiente\/","title":{"rendered":"Festejos por los 107 a\u00f1os del Club Atl\u00e9tico Independiente"},"content":{"rendered":"<p><a href=\"http:\/\/www.locoxelrojo.com.ar\/independiente\/wp-content\/uploads\/2011\/08\/sum4deagosto.jpg\"><img loading=\"lazy\" class=\"alignnone size-full wp-image-9974\" title=\"sum4deagosto\" src=\"http:\/\/www.locoxelrojo.com.ar\/independiente\/wp-content\/uploads\/2011\/08\/sum4deagosto.jpg\" alt=\"\" width=\"590\" height=\"315\" srcset=\"https:\/\/locoxelrojo.com\/independiente\/wp-content\/uploads\/2011\/08\/sum4deagosto.jpg 590w, https:\/\/locoxelrojo.com\/independiente\/wp-content\/uploads\/2011\/08\/sum4deagosto-300x160.jpg 300w\" sizes=\"(max-width: 590px) 100vw, 590px\" \/><\/a><\/p>\n<p><strong>Hoy 4 de agosto Independiente cumple un nuevo aniversario de su creaci\u00f3n<\/strong> y con motivo de eso se van a disputar varios actos conmemorativos.<\/p>\n<p>La jornada arranc\u00f3 con un acto en el Estadio Libertadores de Am\u00e9rica en donde donde se descubri\u00f3 una placa y por la tarde-noche seguir\u00e1 en la Sede de Avellaneda.<\/p>\n<p><strong>En la entrada del Sal\u00f3n de Usos M\u00faltiples, ubicada en el Hall principal del estadio,  los Vicepresidentes de Independiente Boris Lisnovsky y Hugo Barrueco descubrieron la placa que desde hoy le dar\u00e1 el nombre al SUM \u201c4 de Agosto de 1904\u201d.<\/strong><\/p>\n<p>El act\u00f3 se celebr\u00f3 con la participaci\u00f3n de las autoridades del club, socios, alumnos mayores de nuestro Centro Educativo, Comisi\u00f3n de enlace y Subcomisi\u00f3n de estadio.<\/p>\n<p><strong>A partir de las 19:30 hs en el Sal\u00f3n de Actos de la Sede Social de Avenida Mitre 470, se efectuar\u00e1 un Evento Conmemorativo abierto para los socios.<\/strong><\/p>\n<p>Durante el evento, y satisfaciendo los innumerables pedidos de los socios, <strong>se brindar\u00e1 una nueva representaci\u00f3n teatral de la hist\u00f3rica reuni\u00f3n de los socios creadores, con entrevistas y presentaci\u00f3n de destacados n\u00fameros musicales relacionados con el desarrollo de la  identidad cultural y deportiva de nuestro Club.<\/strong><\/p>\n<p><strong>La organizaci\u00f3n y desarrollo de las actividades son llevadas a cabo por la Subcomisi\u00f3n de RRPP Institucionales contando, como siempre, con el apoyo y colaboraci\u00f3n del resto de las subcomisiones que participan d\u00eda a d\u00eda en el engrandecimiento de nuestra Instituci\u00f3n.<\/strong><\/p>\n<p>Por su parte la <strong>Agrupaci\u00f3n Independiente M\u00edstico<\/strong> invita a socios, hinchas, simpatizantes, periodistas y dirigentes a celebrar los 107 a\u00f1os tal como lo vienen realizando desde hace 7 a\u00f1os de manera ininterrumpida. <strong>La cita ser\u00e1 en la intersecci\u00f3n de Per\u00fa e Hip\u00f3lito Yrigoyen a las 19 hs. Esta vez la fiesta ser\u00e1 en la calle y las sorpresas varias. <\/strong><\/p>\n","protected":false},"excerpt":{"rendered":"<p>Hoy 4 de agosto Independiente cumple un nuevo aniversario de su creaci\u00f3n y con motivo de eso se van a disputar varios actos conmemorativos. La jornada arranc\u00f3 con un acto en el Estadio Libertadores de Am\u00e9rica en donde donde se descubri\u00f3 una placa y por la tarde-noche seguir\u00e1 en la Sede de Avellaneda. En la [&hellip;]<\/p>\n","protected":false},"author":1,"featured_media":0,"comment_status":"open","ping_status":"open","sticky":false,"template":"","format":"standard","meta":{"_links_to":"","_links_to_target":""},"categories":[4,1],"tags":[153],"_links":{"self":[{"href":"https:\/\/www.locoxelrojo.com\/independiente\/wp-json\/wp\/v2\/posts\/9973"}],"collection":[{"href":"https:\/\/www.locoxelrojo.com\/independiente\/wp-json\/wp\/v2\/posts"}],"about":[{"href":"https:\/\/www.locoxelrojo.com\/independiente\/wp-json\/wp\/v2\/types\/post"}],"author":[{"embeddable":true,"href":"https:\/\/www.locoxelrojo.com\/independiente\/wp-json\/wp\/v2\/users\/1"}],"replies":[{"embeddable":true,"href":"https:\/\/www.locoxelrojo.com\/independiente\/wp-json\/wp\/v2\/comments?post=9973"}],"version-history":[{"count":0,"href":"https:\/\/www.locoxelrojo.com\/independiente\/wp-json\/wp\/v2\/posts\/9973\/revisions"}],"wp:attachment":[{"href":"https:\/\/www.locoxelrojo.com\/independiente\/wp-json\/wp\/v2\/media?parent=9973"}],"wp:term":[{"taxonomy":"category","embeddable":true,"href":"https:\/\/www.locoxelrojo.com\/independiente\/wp-json\/wp\/v2\/categories?post=9973"},{"taxonomy":"post_tag","embeddable":true,"href":"https:\/\/www.locoxelrojo.com\/independiente\/wp-json\/wp\/v2\/tags?post=9973"}],"curies":[{"name":"wp","href":"https:\/\/api.w.org\/{rel}","templated":true}]}}