{"id":9976,"date":"2011-08-04T17:55:53","date_gmt":"2011-08-04T20:55:53","guid":{"rendered":"http:\/\/www.locoxelrojo.com.ar\/independiente\/?p=9976"},"modified":"2015-09-14T23:39:55","modified_gmt":"2015-09-15T02:39:55","slug":"milito-es-un-sueno-hecho-realidad","status":"publish","type":"post","link":"https:\/\/www.locoxelrojo.com\/independiente\/2011\/08\/04\/milito-es-un-sueno-hecho-realidad\/","title":{"rendered":"Milito: &#8220;Es un sue\u00f1o hecho realidad&#8221;"},"content":{"rendered":"<p><a href=\"http:\/\/www.locoxelrojo.com.ar\/independiente\/wp-content\/uploads\/2011\/08\/gabriel_milito.gif\"><img loading=\"lazy\" class=\"alignnone size-full wp-image-9977\" title=\"gabriel_milito\" src=\"http:\/\/www.locoxelrojo.com.ar\/independiente\/wp-content\/uploads\/2011\/08\/gabriel_milito.gif\" alt=\"\" width=\"590\" height=\"315\" srcset=\"https:\/\/locoxelrojo.com\/independiente\/wp-content\/uploads\/2011\/08\/gabriel_milito.gif 590w, https:\/\/locoxelrojo.com\/independiente\/wp-content\/uploads\/2011\/08\/gabriel_milito-300x160.gif 300w\" sizes=\"(max-width: 590px) 100vw, 590px\" \/><\/a><\/p>\n<p>Y un d\u00eda volvi\u00f3&#8230; Gabriel Milito con ansias de revancha personal y luego de diversas cr\u00edticas por la Copa Am\u00e9rica, rescindi\u00f3 con el Barcelona, se puso la camiseta de Independiente y como todo referente se puso a disposici\u00f3n del director t\u00e9cnico para la primer final de la Recopa Sudamericana el mi\u00e9rcoles que viene frente a Inter en el Libertadores de Am\u00e9rica. <strong>&#8220;Despu\u00e9s de 8 a\u00f1os,\u00a0es un sue\u00f1o hecho realidad. Esperemos que esta etapa sea tan buena como la primera&#8221;<\/strong>, fueron sus primeras sensaciones en conferencia de prensa.<\/p>\n<p>La Sede Social puso un piso a disposici\u00f3n y en un ambiente lleno de periodistas, el ex Barcelona declar\u00f3: <strong>&#8220;el deseo por regresar a mi casa era muy grande.<\/strong> <strong>Sent\u00eda una necesidad de volver a Independiente<\/strong>&#8220;. Milito tiene 31 a\u00f1os y dej\u00f3 el Rojo en el a\u00f1o 2003 cuando emigr\u00f3 al Zaragoza de Espa\u00f1a luego de salir campe\u00f3n con Am\u00e9rico Ruben Gallego. En Europa gan\u00f3 2 t\u00edtulos con el Zaragoza y 10 con el Barcelona.<\/p>\n<p><strong>&#8220;Esto es un sue\u00f1o hecho realidad&#8221;,<\/strong> se sincer\u00f3. Adem\u00e1s, confes\u00f3 que hace un a\u00f1o que ven\u00eda pensando con pegar la vuelta. Milito, aclar\u00f3 que est\u00e1 en plenitud y descart\u00f3 todo tiempo de cuestionamiento sobre su regreso. <strong>&#8220;La verdad es que me sedujo el volver al club donde me inici\u00e9 porque siento que a este club le debo much\u00edsimo, ya que me form\u00e9\u00a0como jugador y persona. Adem\u00e1s, yo siempre sostuve que iba a regresar estando bien, tal como sucede ahora&#8221;.<\/strong><\/p>\n<p>El Mariscal descart\u00f3 que la cuesti\u00f3n econ\u00f3mica fuese un impedimento y pidi\u00f3 ser considerado cuanto antes. <strong>&#8220;No era lo m\u00e1s importante lo econ\u00f3mico. Yo solamente quer\u00eda volver a jugar. Hoy por\u00a0suerte puedo decir que soy jugador de Independiente y calculo que s\u00ed puedo estar el mi\u00e9rcoles para jugar en la Recopa Sudamericana, aunque lo primero que quiero es hablar con el entrenador y el cuerpo t\u00e9cnico para ponerme al corriente&#8221;,<\/strong> asever\u00f3<\/p>\n<p>Por \u00faltimo propuso como objetivo competir en el plano internacional. <strong> &#8220;Mi primer gran objetivo era regresar y ahora busco ganar todo lo que pueda con este club<\/strong>, q<strong>ue es en lo que realidad est\u00e1 acostumbrado por historia. En caso de que no poder ganar, trataremos de competir a nivel internacional y dejar una buena imagen. Por mi parte, en lo personal t<\/strong><strong>ratar\u00e9 de aportar lo mejor para el grupo y sumar&#8221;, <\/strong>cerr\u00f3.<\/p>\n<p><strong>Audio de la conferencia:<\/strong><\/p>\n<p><object id=\"divplaylist\" width=\"335\" height=\"28\" classid=\"clsid:d27cdb6e-ae6d-11cf-96b8-444553540000\" codebase=\"http:\/\/download.macromedia.com\/pub\/shockwave\/cabs\/flash\/swflash.cab#version=6,0,40,0\"><param name=\"src\" value=\"http:\/\/www.divshare.com\/flash\/playlist?myId=15456479-faa\" \/><param name=\"name\" value=\"divplaylist\" \/><embed id=\"divplaylist\" type=\"application\/x-shockwave-flash\" width=\"335\" height=\"28\" src=\"http:\/\/www.divshare.com\/flash\/playlist?myId=15456479-faa\" name=\"divplaylist\"><\/embed><\/object><\/p>\n<p><strong>Fotos:<\/strong><\/p>\n<p><a href=\"http:\/\/www.locoxelrojo.com.ar\/independiente\/wp-content\/uploads\/2011\/08\/gmilitofirma1.jpg\"><img loading=\"lazy\" class=\"alignnone size-full wp-image-9988\" title=\"gmilitofirma1\" src=\"http:\/\/www.locoxelrojo.com.ar\/independiente\/wp-content\/uploads\/2011\/08\/gmilitofirma1.jpg\" alt=\"\" width=\"590\" height=\"315\" srcset=\"https:\/\/locoxelrojo.com\/independiente\/wp-content\/uploads\/2011\/08\/gmilitofirma1.jpg 590w, https:\/\/locoxelrojo.com\/independiente\/wp-content\/uploads\/2011\/08\/gmilitofirma1-300x160.jpg 300w\" sizes=\"(max-width: 590px) 100vw, 590px\" \/><\/a><\/p>\n<p><a href=\"http:\/\/www.locoxelrojo.com.ar\/independiente\/wp-content\/uploads\/2011\/08\/gmilitofirma.jpg\"><img loading=\"lazy\" class=\"alignnone size-full wp-image-9989\" title=\"gmilitofirma\" src=\"http:\/\/www.locoxelrojo.com.ar\/independiente\/wp-content\/uploads\/2011\/08\/gmilitofirma.jpg\" alt=\"\" width=\"590\" height=\"315\" srcset=\"https:\/\/locoxelrojo.com\/independiente\/wp-content\/uploads\/2011\/08\/gmilitofirma.jpg 590w, https:\/\/locoxelrojo.com\/independiente\/wp-content\/uploads\/2011\/08\/gmilitofirma-300x160.jpg 300w\" sizes=\"(max-width: 590px) 100vw, 590px\" \/><\/a><\/p>\n","protected":false},"excerpt":{"rendered":"<p>Y un d\u00eda volvi\u00f3&#8230; Gabriel Milito con ansias de revancha personal y luego de diversas cr\u00edticas por la Copa Am\u00e9rica, rescindi\u00f3 con el Barcelona, se puso la camiseta de Independiente y como todo referente se puso a disposici\u00f3n del director t\u00e9cnico para la primer final de la Recopa Sudamericana el mi\u00e9rcoles que viene frente a [&hellip;]<\/p>\n","protected":false},"author":1,"featured_media":0,"comment_status":"open","ping_status":"open","sticky":false,"template":"","format":"standard","meta":{"_links_to":"","_links_to_target":""},"categories":[3,1],"tags":[153,42],"_links":{"self":[{"href":"https:\/\/www.locoxelrojo.com\/independiente\/wp-json\/wp\/v2\/posts\/9976"}],"collection":[{"href":"https:\/\/www.locoxelrojo.com\/independiente\/wp-json\/wp\/v2\/posts"}],"about":[{"href":"https:\/\/www.locoxelrojo.com\/independiente\/wp-json\/wp\/v2\/types\/post"}],"author":[{"embeddable":true,"href":"https:\/\/www.locoxelrojo.com\/independiente\/wp-json\/wp\/v2\/users\/1"}],"replies":[{"embeddable":true,"href":"https:\/\/www.locoxelrojo.com\/independiente\/wp-json\/wp\/v2\/comments?post=9976"}],"version-history":[{"count":0,"href":"https:\/\/www.locoxelrojo.com\/independiente\/wp-json\/wp\/v2\/posts\/9976\/revisions"}],"wp:attachment":[{"href":"https:\/\/www.locoxelrojo.com\/independiente\/wp-json\/wp\/v2\/media?parent=9976"}],"wp:term":[{"taxonomy":"category","embeddable":true,"href":"https:\/\/www.locoxelrojo.com\/independiente\/wp-json\/wp\/v2\/categories?post=9976"},{"taxonomy":"post_tag","embeddable":true,"href":"https:\/\/www.locoxelrojo.com\/independiente\/wp-json\/wp\/v2\/tags?post=9976"}],"curies":[{"name":"wp","href":"https:\/\/api.w.org\/{rel}","templated":true}]}}