{"id":9995,"date":"2011-08-05T18:49:34","date_gmt":"2011-08-05T21:49:34","guid":{"rendered":"http:\/\/www.locoxelrojo.com.ar\/independiente\/?p=9995"},"modified":"2011-08-05T18:49:34","modified_gmt":"2011-08-05T21:49:34","slug":"en-suelo-argentino","status":"publish","type":"post","link":"https:\/\/www.locoxelrojo.com\/independiente\/2011\/08\/05\/en-suelo-argentino\/","title":{"rendered":"En suelo argentino"},"content":{"rendered":"<p><a href=\"http:\/\/www.locoxelrojo.com.ar\/independiente\/wp-content\/uploads\/2011\/08\/independiente_ezeiza.jpg\"><img loading=\"lazy\" class=\"alignnone size-full wp-image-9997\" title=\"independiente_ezeiza\" src=\"http:\/\/www.locoxelrojo.com.ar\/independiente\/wp-content\/uploads\/2011\/08\/independiente_ezeiza.jpg\" alt=\"\" width=\"591\" height=\"317\" srcset=\"https:\/\/locoxelrojo.com\/independiente\/wp-content\/uploads\/2011\/08\/independiente_ezeiza.jpg 591w, https:\/\/locoxelrojo.com\/independiente\/wp-content\/uploads\/2011\/08\/independiente_ezeiza-300x160.jpg 300w\" sizes=\"(max-width: 591px) 100vw, 591px\" \/><\/a><\/p>\n<p>Independiente lleg\u00f3 a Ezeiza a las 10 menos cuarto de la ma\u00f1ana y tiene el d\u00eda libre de cara a una nueva pr\u00e1ctica ma\u00f1ana a las 10 de la ma\u00f1ana en Villa Dom\u00ednico. Luego de nueve horas y media, el plantel lleg\u00f3 desde el aeropuerto de Nueva York -previamente la delegaci\u00f3n hab\u00eda viajado desde Narita hacia Estados Unidos-.<\/p>\n<p>El Rojo deber\u00e1 disputar la primera final de la Recopa Sudamericana el mi\u00e9rcoles 21:50 en el Libertadores de Am\u00e9rica y se especula con que Gabriel Milito que firm\u00f3 ayer su contrato, sea titular. El defensor hoy se entren\u00f3 por la ma\u00f1ana en Villa Dom\u00ednico junto a la reserva.<\/p>\n<p>Respecto a Ernesto Farias, Julio Comparada quer\u00eda que el jugador llegase libre y por dos a\u00f1os. Sin embargo, durante la estad\u00eda del presidente en Jap\u00f3n, el jugador pidi\u00f3 modificar el contrato para que este sea por un a\u00f1o. Por ende; la alternativa de Leandro Caruso toma color considerando el inter\u00e9s de Nacional de Montevideo por el jugador.<\/p>\n","protected":false},"excerpt":{"rendered":"<p>Independiente lleg\u00f3 a Ezeiza a las 10 menos cuarto de la ma\u00f1ana y tiene el d\u00eda libre de cara a una nueva pr\u00e1ctica ma\u00f1ana a las 10 de la ma\u00f1ana en Villa Dom\u00ednico. Luego de nueve horas y media, el plantel lleg\u00f3 desde el aeropuerto de Nueva York -previamente la delegaci\u00f3n hab\u00eda viajado desde Narita [&hellip;]<\/p>\n","protected":false},"author":1,"featured_media":0,"comment_status":"open","ping_status":"open","sticky":false,"template":"","format":"standard","meta":{"_links_to":"","_links_to_target":""},"categories":[3,1],"tags":[153,946,967,42],"_links":{"self":[{"href":"https:\/\/www.locoxelrojo.com\/independiente\/wp-json\/wp\/v2\/posts\/9995"}],"collection":[{"href":"https:\/\/www.locoxelrojo.com\/independiente\/wp-json\/wp\/v2\/posts"}],"about":[{"href":"https:\/\/www.locoxelrojo.com\/independiente\/wp-json\/wp\/v2\/types\/post"}],"author":[{"embeddable":true,"href":"https:\/\/www.locoxelrojo.com\/independiente\/wp-json\/wp\/v2\/users\/1"}],"replies":[{"embeddable":true,"href":"https:\/\/www.locoxelrojo.com\/independiente\/wp-json\/wp\/v2\/comments?post=9995"}],"version-history":[{"count":0,"href":"https:\/\/www.locoxelrojo.com\/independiente\/wp-json\/wp\/v2\/posts\/9995\/revisions"}],"wp:attachment":[{"href":"https:\/\/www.locoxelrojo.com\/independiente\/wp-json\/wp\/v2\/media?parent=9995"}],"wp:term":[{"taxonomy":"category","embeddable":true,"href":"https:\/\/www.locoxelrojo.com\/independiente\/wp-json\/wp\/v2\/categories?post=9995"},{"taxonomy":"post_tag","embeddable":true,"href":"https:\/\/www.locoxelrojo.com\/independiente\/wp-json\/wp\/v2\/tags?post=9995"}],"curies":[{"name":"wp","href":"https:\/\/api.w.org\/{rel}","templated":true}]}}