{"id":9999,"date":"2011-08-05T19:00:45","date_gmt":"2011-08-05T22:00:45","guid":{"rendered":"http:\/\/www.locoxelrojo.com.ar\/independiente\/?p=9999"},"modified":"2011-08-05T19:00:45","modified_gmt":"2011-08-05T22:00:45","slug":"se-entreno-milito","status":"publish","type":"post","link":"https:\/\/www.locoxelrojo.com\/independiente\/2011\/08\/05\/se-entreno-milito\/","title":{"rendered":"Se entren\u00f3 Milito"},"content":{"rendered":"<p><a href=\"http:\/\/www.locoxelrojo.com.ar\/independiente\/wp-content\/uploads\/2011\/08\/gabriel_milito.jpg\"><img loading=\"lazy\" class=\"alignnone size-full wp-image-10000\" title=\"gabriel_milito\" src=\"http:\/\/www.locoxelrojo.com.ar\/independiente\/wp-content\/uploads\/2011\/08\/gabriel_milito.jpg\" alt=\"\" width=\"590\" height=\"315\" srcset=\"https:\/\/locoxelrojo.com\/independiente\/wp-content\/uploads\/2011\/08\/gabriel_milito.jpg 590w, https:\/\/locoxelrojo.com\/independiente\/wp-content\/uploads\/2011\/08\/gabriel_milito-300x160.jpg 300w\" sizes=\"(max-width: 590px) 100vw, 590px\" \/><\/a><\/p>\n<p>Gabriel Milito fue de los primeros en llegar a Villa Dom\u00ednico, salud\u00f3 a Cristian D\u00edaz con afecto y se puso a disposici\u00f3n del entrenador de la reserva pasadas las 10 de la ma\u00f1ana. El defensor corri\u00f3 alrrededor de la cancha mientras los pibes hac\u00edan un ejercicio t\u00e1ctico y luego realiz\u00f3 f\u00fatbol reducido e informal.<\/p>\n<p>&#8220;Es muy buena onda y humilde, parec\u00eda uno m\u00e1s&#8221;, cont\u00f3 Patricio Vidal a LocoXelRojo. De todas formas, &#8220;rasp\u00f3 de lo lindo un par de veces&#8221;, brome\u00f3 el delantero. El defensor disput\u00f3 solo un partido al igual que sus compa\u00f1eros y ma\u00f1ana se ver\u00e1 cara a cara con Antonio Mohamed quien lo incluir\u00e1 entre los titulares el mi\u00e9rcoles frente a Inter de Porto Alegre por la primera final de la Recopa Sudamericana.<\/p>\n<p>Otra modificaci\u00f3n ser\u00e1 el ingreso de Mat\u00edas Defederico. Si bien Mohamed deseaba contar con Patricio Rodr\u00edguez, el jugador sigue con problemas de me\u00f1iscos y debe determinar si se operar\u00e1 o no. En el partido frente a J\u00fabilo tuvo los mismos problemas que el semestre pasado y se destrab\u00f3 la rodilla en reiteradas oportunidades.<\/p>\n","protected":false},"excerpt":{"rendered":"<p>Gabriel Milito fue de los primeros en llegar a Villa Dom\u00ednico, salud\u00f3 a Cristian D\u00edaz con afecto y se puso a disposici\u00f3n del entrenador de la reserva pasadas las 10 de la ma\u00f1ana. El defensor corri\u00f3 alrrededor de la cancha mientras los pibes hac\u00edan un ejercicio t\u00e1ctico y luego realiz\u00f3 f\u00fatbol reducido e informal. &#8220;Es [&hellip;]<\/p>\n","protected":false},"author":1,"featured_media":0,"comment_status":"open","ping_status":"open","sticky":false,"template":"","format":"standard","meta":{"_links_to":"","_links_to_target":""},"categories":[3,1],"tags":[153,42,379,41,98],"_links":{"self":[{"href":"https:\/\/www.locoxelrojo.com\/independiente\/wp-json\/wp\/v2\/posts\/9999"}],"collection":[{"href":"https:\/\/www.locoxelrojo.com\/independiente\/wp-json\/wp\/v2\/posts"}],"about":[{"href":"https:\/\/www.locoxelrojo.com\/independiente\/wp-json\/wp\/v2\/types\/post"}],"author":[{"embeddable":true,"href":"https:\/\/www.locoxelrojo.com\/independiente\/wp-json\/wp\/v2\/users\/1"}],"replies":[{"embeddable":true,"href":"https:\/\/www.locoxelrojo.com\/independiente\/wp-json\/wp\/v2\/comments?post=9999"}],"version-history":[{"count":0,"href":"https:\/\/www.locoxelrojo.com\/independiente\/wp-json\/wp\/v2\/posts\/9999\/revisions"}],"wp:attachment":[{"href":"https:\/\/www.locoxelrojo.com\/independiente\/wp-json\/wp\/v2\/media?parent=9999"}],"wp:term":[{"taxonomy":"category","embeddable":true,"href":"https:\/\/www.locoxelrojo.com\/independiente\/wp-json\/wp\/v2\/categories?post=9999"},{"taxonomy":"post_tag","embeddable":true,"href":"https:\/\/www.locoxelrojo.com\/independiente\/wp-json\/wp\/v2\/tags?post=9999"}],"curies":[{"name":"wp","href":"https:\/\/api.w.org\/{rel}","templated":true}]}}